{"id":48477,"date":"2023-12-12T21:49:52","date_gmt":"2023-12-13T03:49:52","guid":{"rendered":"https:\/\/encuentroinformativo.com.mx\/?p=48477"},"modified":"2023-12-12T21:49:58","modified_gmt":"2023-12-13T03:49:58","slug":"invita-alcalde-juan-manuel-unanue-al-desfile-navideno-en-boca-2023","status":"publish","type":"post","link":"https:\/\/encuentroinformativo.com.mx\/?p=48477","title":{"rendered":"Invita Alcalde Juan Manuel Un\u00e1nue al \u201cDesfile Navide\u00f1o en Boca 2023\u201d"},"content":{"rendered":"\n<p><strong>*<em>M\u00e1s de mil participantes de escuelas primarias y secundarias de Boca del R\u00edo le dar\u00e1n alegr\u00eda y color a este tradicional desfile<\/em>.<\/strong><\/p>\n\n\n\n<p>Boca del R\u00edo, Ver.- Continuando con las tradiciones decembrinas y reactivando el \u201cCoraz\u00f3n\u201d de Boca, el alcalde Juan Manuel Un\u00e1nue Abascal anunci\u00f3 la realizaci\u00f3n del \u201cDesfile Navide\u00f1o\u201d que se llevar\u00e1 a cabo este s\u00e1bado 16 de diciembre a las 17:30 horas.<\/p>\n\n\n\n<p>Con la presencia de mil participantes, el desfile que recorrer\u00e1 la Avenida Veracruz, Independencia, Benito Ju\u00e1rez y Oviedo en la cabecera municipal, tendr\u00e1 como punto final la plaza c\u00edvica del Palacio Municipal.<\/p>\n\n\n\n<p>\u201cLos invitamos para que asistan este fin de semana a disfrutar de este desfile que ten\u00eda ya algunos a\u00f1os que no se hac\u00eda por temas de pandemia precisamente, para ello tambi\u00e9n los amigos restauranteros nos est\u00e1n ayudando con la organizaci\u00f3n.<\/p>\n\n\n\n<p>\u201cPara este evento se est\u00e1n sumando primarias y secundarias del municipio, as\u00ed que invitamos a todas las familias, recordarles que seguir\u00e1n los juegos mec\u00e1nicos todo el mes, y bueno, esperamos a toda la gente a que se d\u00e9 la vuelta por la cabecera municipal\u201d, coment\u00f3 el edil.<\/p>\n\n\n\n<p>Las escuelas que le dar\u00e1n color y alegr\u00eda a este \u201cDesfile Navide\u00f1o\u201d son la Primaria Cuauht\u00e9moc, Primaria Josefa Ortiz de Dom\u00ednguez, Primaria Benito Ju\u00e1rez, Primaria L\u00e1zaro C\u00e1rdenas del R\u00edo, Primaria Felipe \u00c1ngeles, el Jard\u00edn de Ni\u00f1os Profesor Mario Dorantes Caba\u00f1as, la Secundaria General No. 1 Jos\u00e9 Azueta, Secundaria General No. 2&#8243;Boca del R\u00edo&#8221;, Secundaria General No. 4 &#8220;Ej\u00e9rcito Mexicano&#8221; y el CBTIS 124.<\/p>\n\n\n\n<p><em>TORNEO DE B\u00c9ISBOL INFANTIL Y JUVENIL 2023<\/em><\/p>\n\n\n\n<p>Por otra parte, el alcalde Juan Manuel Un\u00e1nue Abascal, anunci\u00f3 la realizaci\u00f3n del Torneo Navide\u00f1o 2023 de B\u00e9isbol Infantil y Juvenil que se llevar\u00e1 a cabo del 15 al 17 de diciembre en las instalaciones de la Liga Beto \u00c1vila ubicada en Boca del R\u00edo.<\/p>\n\n\n\n<p>En dicho torneo participar\u00e1n m\u00e1s de 500 ni\u00f1os de municipios como Cardel, Tlacotalpan, Cosamaloapan, Acayucan, Boca del R\u00edo, Medell\u00edn, Paso de Ovejas, Cuitl\u00e1huac, Yanga, Maltrata y un equipo m\u00e1s de Tuxtepec, Oaxaca.<\/p>\n\n\n\n<p>La inauguraci\u00f3n ser\u00e1 este viernes a las 8 de la ma\u00f1ana en el campo deportivo de la Liga Peque\u00f1a de B\u00e9isbol Beto \u00c1vila.<\/p>\n\n\n\n<figure class=\"wp-block-image size-large\"><img loading=\"lazy\" decoding=\"async\" width=\"1018\" height=\"1024\" src=\"https:\/\/encuentroinformativo.com.mx\/wp-content\/uploads\/2023\/12\/Screenshot_20231212-211458-1018x1024.png\" alt=\"\" class=\"wp-image-48479\" srcset=\"https:\/\/encuentroinformativo.com.mx\/wp-content\/uploads\/2023\/12\/Screenshot_20231212-211458-1018x1024.png 1018w, https:\/\/encuentroinformativo.com.mx\/wp-content\/uploads\/2023\/12\/Screenshot_20231212-211458-298x300.png 298w, https:\/\/encuentroinformativo.com.mx\/wp-content\/uploads\/2023\/12\/Screenshot_20231212-211458-150x150.png 150w, https:\/\/encuentroinformativo.com.mx\/wp-content\/uploads\/2023\/12\/Screenshot_20231212-211458-768x772.png 768w, https:\/\/encuentroinformativo.com.mx\/wp-content\/uploads\/2023\/12\/Screenshot_20231212-211458.png 1080w\" sizes=\"auto, (max-width: 1018px) 100vw, 1018px\" \/><\/figure>\n","protected":false},"excerpt":{"rendered":"<p>*M\u00e1s de mil participantes de escuelas primarias y secundarias de Boca del R\u00edo le dar\u00e1n alegr\u00eda y color a este tradicional desfile. Boca del R\u00edo, Ver.- Continuando con las tradiciones decembrinas y reactivando el \u201cCoraz\u00f3n\u201d de Boca, el alcalde Juan Manuel Un\u00e1nue Abascal anunci\u00f3 la realizaci\u00f3n del \u201cDesfile Navide\u00f1o\u201d que se llevar\u00e1 a cabo este [&hellip;]<\/p>\n","protected":false},"author":2476,"featured_media":48478,"comment_status":"open","ping_status":"open","sticky":false,"template":"","format":"standard","meta":{"_jetpack_memberships_contains_paid_content":false,"footnotes":""},"categories":[2],"tags":[],"class_list":["post-48477","post","type-post","status-publish","format-standard","has-post-thumbnail","hentry","category-estado"],"jetpack_featured_media_url":"https:\/\/encuentroinformativo.com.mx\/wp-content\/uploads\/2023\/12\/Screenshot_20231212-2115132.png","jetpack_sharing_enabled":true,"jetpack_likes_enabled":true,"amp_enabled":true,"_links":{"self":[{"href":"https:\/\/encuentroinformativo.com.mx\/index.php?rest_route=\/wp\/v2\/posts\/48477","targetHints":{"allow":["GET"]}}],"collection":[{"href":"https:\/\/encuentroinformativo.com.mx\/index.php?rest_route=\/wp\/v2\/posts"}],"about":[{"href":"https:\/\/encuentroinformativo.com.mx\/index.php?rest_route=\/wp\/v2\/types\/post"}],"author":[{"embeddable":true,"href":"https:\/\/encuentroinformativo.com.mx\/index.php?rest_route=\/wp\/v2\/users\/2476"}],"replies":[{"embeddable":true,"href":"https:\/\/encuentroinformativo.com.mx\/index.php?rest_route=%2Fwp%2Fv2%2Fcomments&post=48477"}],"version-history":[{"count":1,"href":"https:\/\/encuentroinformativo.com.mx\/index.php?rest_route=\/wp\/v2\/posts\/48477\/revisions"}],"predecessor-version":[{"id":48480,"href":"https:\/\/encuentroinformativo.com.mx\/index.php?rest_route=\/wp\/v2\/posts\/48477\/revisions\/48480"}],"wp:featuredmedia":[{"embeddable":true,"href":"https:\/\/encuentroinformativo.com.mx\/index.php?rest_route=\/wp\/v2\/media\/48478"}],"wp:attachment":[{"href":"https:\/\/encuentroinformativo.com.mx\/index.php?rest_route=%2Fwp%2Fv2%2Fmedia&parent=48477"}],"wp:term":[{"taxonomy":"category","embeddable":true,"href":"https:\/\/encuentroinformativo.com.mx\/index.php?rest_route=%2Fwp%2Fv2%2Fcategories&post=48477"},{"taxonomy":"post_tag","embeddable":true,"href":"https:\/\/encuentroinformativo.com.mx\/index.php?rest_route=%2Fwp%2Fv2%2Ftags&post=48477"}],"curies":[{"name":"wp","href":"https:\/\/api.w.org\/{rel}","templated":true}]}}