{"id":48487,"date":"2023-12-13T13:06:55","date_gmt":"2023-12-13T19:06:55","guid":{"rendered":"https:\/\/encuentroinformativo.com.mx\/?p=48487"},"modified":"2023-12-13T13:07:00","modified_gmt":"2023-12-13T19:07:00","slug":"implementaran-operativo-para-vigilar-escuelas-en-vacaciones","status":"publish","type":"post","link":"https:\/\/encuentroinformativo.com.mx\/?p=48487","title":{"rendered":"Implementar\u00e1n operativo para vigilar escuelas en vacaciones"},"content":{"rendered":"\n<p><strong>Dar\u00edo Pale <\/strong><\/p>\n\n\n\n<p>Xalapa, Ver.- El director de vinculaci\u00f3n de la Secretar\u00eda de Seguridad P\u00fablica (SSP), Eleazar Guerrero Barrera dio a conocer que se implementar\u00e1 un operativo especial para proteger escuelas en periodo vacacional.<\/p>\n\n\n\n<p>En entrevista se\u00f1al\u00f3 que ya se tiene programado el operativo de seguridad para evitar robos o acciones de vandalismo en las instituciones, esto a unos cuantos d\u00edas de que inicie el periodo vacacional decembrino en el sector educativo.<\/p>\n\n\n\n<p>Dijo que este operativo especial coordinado con la Secretar\u00eda de Educaci\u00f3n de Veracruz se ha aplicado desde periodos vacacionales anteriores, lo que ha permitido la disminuci\u00f3n de los robos.\u00a0<\/p>\n\n\n\n<p>&#8220;En el \u00faltimo periodo vacacional nos fue muy bien, la verdad es que se disminuyeron los robos, la Secretar\u00eda de Educaci\u00f3n se coordina directamente con el \u00e1rea operativa. En materia de seguridad es bien importante la comunicaci\u00f3n r\u00e1pida y tener la informaci\u00f3n a tiempo\u201d, se\u00f1al\u00f3.<\/p>\n\n\n\n<p>Guerrero Barrera dijo\u00a0que se busca que los patrullajes est\u00e9n bien dirigido y focalizados.\u00a0<br>Cuestionado en torno a cu\u00e1les son las zonas en donde se requiere mayor atenci\u00f3n, consider\u00f3 que la conurbada de Veracruz-Boca del R\u00edo, las escuelas que est\u00e1n m\u00e1s alejadas.\u00a0<\/p>\n\n\n\n<p>Por lo que en el operativo participar\u00e1n elementos de la Fuerza \u00a0Civil y la Polic\u00eda Estatal y coment\u00f3 que se est\u00e1 solicitando a los padres de familia que formen parte de las labores de vigilancia y, en caso de detectar alguna anomal\u00eda, la denuncien.<\/p>\n\n\n\n<p>Finalmente dio a conocer que, &#8220;todos estamos vigilando las escuelas y tambi\u00e9n les pedimos que nos ayuden a denunciar. Es crucial que, como sociedad, estemos atentos cada vez que ocurra alg\u00fan incidente&#8221;.<\/p>\n","protected":false},"excerpt":{"rendered":"<p>Dar\u00edo Pale Xalapa, Ver.- El director de vinculaci\u00f3n de la Secretar\u00eda de Seguridad P\u00fablica (SSP), Eleazar Guerrero Barrera dio a conocer que se implementar\u00e1 un operativo especial para proteger escuelas en periodo vacacional. En entrevista se\u00f1al\u00f3 que ya se tiene programado el operativo de seguridad para evitar robos o acciones de vandalismo en las instituciones, [&hellip;]<\/p>\n","protected":false},"author":2476,"featured_media":48488,"comment_status":"open","ping_status":"open","sticky":false,"template":"","format":"standard","meta":{"_jetpack_memberships_contains_paid_content":false,"footnotes":""},"categories":[2],"tags":[],"class_list":["post-48487","post","type-post","status-publish","format-standard","has-post-thumbnail","hentry","category-estado"],"jetpack_featured_media_url":"https:\/\/encuentroinformativo.com.mx\/wp-content\/uploads\/2023\/12\/IMG-20231213-WA00152.jpg","jetpack_sharing_enabled":true,"jetpack_likes_enabled":true,"amp_enabled":true,"_links":{"self":[{"href":"https:\/\/encuentroinformativo.com.mx\/index.php?rest_route=\/wp\/v2\/posts\/48487","targetHints":{"allow":["GET"]}}],"collection":[{"href":"https:\/\/encuentroinformativo.com.mx\/index.php?rest_route=\/wp\/v2\/posts"}],"about":[{"href":"https:\/\/encuentroinformativo.com.mx\/index.php?rest_route=\/wp\/v2\/types\/post"}],"author":[{"embeddable":true,"href":"https:\/\/encuentroinformativo.com.mx\/index.php?rest_route=\/wp\/v2\/users\/2476"}],"replies":[{"embeddable":true,"href":"https:\/\/encuentroinformativo.com.mx\/index.php?rest_route=%2Fwp%2Fv2%2Fcomments&post=48487"}],"version-history":[{"count":1,"href":"https:\/\/encuentroinformativo.com.mx\/index.php?rest_route=\/wp\/v2\/posts\/48487\/revisions"}],"predecessor-version":[{"id":48489,"href":"https:\/\/encuentroinformativo.com.mx\/index.php?rest_route=\/wp\/v2\/posts\/48487\/revisions\/48489"}],"wp:featuredmedia":[{"embeddable":true,"href":"https:\/\/encuentroinformativo.com.mx\/index.php?rest_route=\/wp\/v2\/media\/48488"}],"wp:attachment":[{"href":"https:\/\/encuentroinformativo.com.mx\/index.php?rest_route=%2Fwp%2Fv2%2Fmedia&parent=48487"}],"wp:term":[{"taxonomy":"category","embeddable":true,"href":"https:\/\/encuentroinformativo.com.mx\/index.php?rest_route=%2Fwp%2Fv2%2Fcategories&post=48487"},{"taxonomy":"post_tag","embeddable":true,"href":"https:\/\/encuentroinformativo.com.mx\/index.php?rest_route=%2Fwp%2Fv2%2Ftags&post=48487"}],"curies":[{"name":"wp","href":"https:\/\/api.w.org\/{rel}","templated":true}]}}