{"id":48490,"date":"2023-12-13T10:23:40","date_gmt":"2023-12-13T16:23:40","guid":{"rendered":"https:\/\/encuentroinformativo.com.mx\/?p=48490"},"modified":"2023-12-13T14:03:24","modified_gmt":"2023-12-13T20:03:24","slug":"caminata-previa-al-informe-del-diputado-rosales-en-medellin-de-bravo","status":"publish","type":"post","link":"https:\/\/encuentroinformativo.com.mx\/?p=48490","title":{"rendered":"Caminata previa al informe del diputado Rosales en Medell\u00edn de Bravo"},"content":{"rendered":"\n<p><strong>Alejandro \u00c1vila<\/strong><\/p>\n\n\n\n<p>Medell\u00edn de Bravo, Ver.- A las 2 de la tarde el domingo 17 de diciembre se reunir\u00e1n en la gasolinera de Medell\u00edn de Bravo ciudadanos de m\u00e1s de 10 municipios, quienes realizar\u00e1n una Caravana para llegar al parque central de Medell\u00edn, donde el diputado local, Magdaleno Rosales Torres, rendir\u00e1 su Segundo Informe de Labores.<\/p>\n\n\n\n<p>Al evento han confirmado su presencia ciudadanos de Camar\u00f3n de Tejeda, Manlio Fabio Altamirano, Cotaxtla, Atoyac, Carrillo Puerto, Tlalixcoyan, Jamapa, Cuitl\u00e1huac, Paso del Macho, Soledad de Doblado, Medell\u00edn de Bravo y otros m\u00e1s.<\/p>\n\n\n\n<p>&#8220;Es un evento c\u00edvico, es un evento distrital, donde nosotros informaremos todo lo que hemos estado haciendo todo este a\u00f1o, temas como el campo, temas como el apoyo social, gestiones, acompa\u00f1amiento a los campesinos, temas de apoyo movimientos sociales, temas de apoyo en caminos saca cosechas con maquinarias, apoyos a las personas que est\u00e1n enfermas y van a las cl\u00ednicas p\u00fablicas para que les den atenci\u00f3n, temas en el sector educativo, y muchos otros temas que hemos cubierto a lo largo de este a\u00f1o&#8221;, destac\u00f3<\/p>\n\n\n\n<p>Durante la Caravana tambi\u00e9n habr\u00e1 una rodada de motos, la cual culminar\u00e1 en el parque central frente al Palacio Municipal de Medell\u00edn de Bravo.<\/p>\n\n\n\n<p>En el evento tambi\u00e9n se espera la presencia de varios l\u00edderes del partido Morena; adem\u00e1s de secretarios de gobierno del Estado, qui\u00e9nes han apoyado al legislador a concretar proyectos en favor de los productores primarios.<\/p>\n","protected":false},"excerpt":{"rendered":"<p>Alejandro \u00c1vila Medell\u00edn de Bravo, Ver.- A las 2 de la tarde el domingo 17 de diciembre se reunir\u00e1n en la gasolinera de Medell\u00edn de Bravo ciudadanos de m\u00e1s de 10 municipios, quienes realizar\u00e1n una Caravana para llegar al parque central de Medell\u00edn, donde el diputado local, Magdaleno Rosales Torres, rendir\u00e1 su Segundo Informe de [&hellip;]<\/p>\n","protected":false},"author":2476,"featured_media":48491,"comment_status":"open","ping_status":"open","sticky":false,"template":"","format":"standard","meta":{"_jetpack_memberships_contains_paid_content":false,"footnotes":""},"categories":[2],"tags":[],"class_list":["post-48490","post","type-post","status-publish","format-standard","has-post-thumbnail","hentry","category-estado"],"jetpack_featured_media_url":"https:\/\/encuentroinformativo.com.mx\/wp-content\/uploads\/2023\/12\/IMG-20231213-WA0033.jpg","jetpack_sharing_enabled":true,"jetpack_likes_enabled":true,"amp_enabled":true,"_links":{"self":[{"href":"https:\/\/encuentroinformativo.com.mx\/index.php?rest_route=\/wp\/v2\/posts\/48490","targetHints":{"allow":["GET"]}}],"collection":[{"href":"https:\/\/encuentroinformativo.com.mx\/index.php?rest_route=\/wp\/v2\/posts"}],"about":[{"href":"https:\/\/encuentroinformativo.com.mx\/index.php?rest_route=\/wp\/v2\/types\/post"}],"author":[{"embeddable":true,"href":"https:\/\/encuentroinformativo.com.mx\/index.php?rest_route=\/wp\/v2\/users\/2476"}],"replies":[{"embeddable":true,"href":"https:\/\/encuentroinformativo.com.mx\/index.php?rest_route=%2Fwp%2Fv2%2Fcomments&post=48490"}],"version-history":[{"count":1,"href":"https:\/\/encuentroinformativo.com.mx\/index.php?rest_route=\/wp\/v2\/posts\/48490\/revisions"}],"predecessor-version":[{"id":48492,"href":"https:\/\/encuentroinformativo.com.mx\/index.php?rest_route=\/wp\/v2\/posts\/48490\/revisions\/48492"}],"wp:featuredmedia":[{"embeddable":true,"href":"https:\/\/encuentroinformativo.com.mx\/index.php?rest_route=\/wp\/v2\/media\/48491"}],"wp:attachment":[{"href":"https:\/\/encuentroinformativo.com.mx\/index.php?rest_route=%2Fwp%2Fv2%2Fmedia&parent=48490"}],"wp:term":[{"taxonomy":"category","embeddable":true,"href":"https:\/\/encuentroinformativo.com.mx\/index.php?rest_route=%2Fwp%2Fv2%2Fcategories&post=48490"},{"taxonomy":"post_tag","embeddable":true,"href":"https:\/\/encuentroinformativo.com.mx\/index.php?rest_route=%2Fwp%2Fv2%2Ftags&post=48490"}],"curies":[{"name":"wp","href":"https:\/\/api.w.org\/{rel}","templated":true}]}}