{"id":48493,"date":"2023-12-13T13:45:15","date_gmt":"2023-12-13T19:45:15","guid":{"rendered":"https:\/\/encuentroinformativo.com.mx\/?p=48493"},"modified":"2023-12-13T13:45:20","modified_gmt":"2023-12-13T19:45:20","slug":"colocaran-esferas-con-fotografias-de-personas-desaparecidas","status":"publish","type":"post","link":"https:\/\/encuentroinformativo.com.mx\/?p=48493","title":{"rendered":"Colocar\u00e1n esferas con fotograf\u00edas de personas desaparecidas"},"content":{"rendered":"\n<p><strong>Juan Arcos <\/strong><\/p>\n\n\n\n<p>Xalapa, Ver.- Familiares de desaparecidos colocar\u00e1n esferas con la fotograf\u00eda de sus seres queridos en una araucaria del parque Benito Ju\u00e1rez, en la zona centro de la ciudad de Xalapa.<\/p>\n\n\n\n<p>La colocaci\u00f3n se llevar\u00e1 a cabo a partir de las 13:00 horas del pr\u00f3ximo viernes 15 de diciembre en el primer cuadro de la capital veracruzana, donde las esferas han sido instaladas durante los \u00faltimos a\u00f1os en \u00e9poca navide\u00f1a.<\/p>\n\n\n\n<p>De acuerdo con Victoria Delgadillo Romero, del colectivo Familiares Enlaces Xalapa, se busca recordar a las autoridades que las familias siguen en la b\u00fasqueda de sus desaparecidos.<\/p>\n\n\n\n<p>\u201cEstamos en espera que el alcalde Ricardo Ahued Bardahuil nos autorice y nos preste la m\u00e1quina, la gr\u00faa con la que nosotros podemos colocar nuestras esferas\u201d, detall\u00f3 la entrevistada.<\/p>\n\n\n\n<p>A la actividad se sumar\u00e1n m\u00e1s colectivos de b\u00fasqueda. Las personas colocar\u00e1n sus esferas en el pino ubicado a pocos metros de la calle Juan de la Luz Enr\u00edquez y frente al Palacio Municipal.<\/p>\n\n\n\n<p>&#8220;As\u00ed es, vamos a colocar el pino con las esferas. Yo creo que va a ser el 15 de diciembre a la una de la tarde. Est\u00e1n invitados algunos otros colectivos, aparte del colectivo familiares enlaces Xalapa y la Esperanza del Reencuentro, se le han invitado algunas otras familias que participen tambi\u00e9n poniendo su esfera\u201d, enfatiz\u00f3 Victoria Delgadillo.<\/p>\n\n\n\n<p>Victoria busca a su hija Yunery Citlally Hern\u00e1ndez Delgadillo, quien ten\u00eda 26 a\u00f1os cuando y desapareci\u00f3 en noviembre de 2011, junto con otras j\u00f3venes que hab\u00edan sido invitadas a un evento.<\/p>\n","protected":false},"excerpt":{"rendered":"<p>Juan Arcos Xalapa, Ver.- Familiares de desaparecidos colocar\u00e1n esferas con la fotograf\u00eda de sus seres queridos en una araucaria del parque Benito Ju\u00e1rez, en la zona centro de la ciudad de Xalapa. La colocaci\u00f3n se llevar\u00e1 a cabo a partir de las 13:00 horas del pr\u00f3ximo viernes 15 de diciembre en el primer cuadro de [&hellip;]<\/p>\n","protected":false},"author":2476,"featured_media":48494,"comment_status":"open","ping_status":"open","sticky":false,"template":"","format":"standard","meta":{"_jetpack_memberships_contains_paid_content":false,"footnotes":""},"categories":[3],"tags":[],"class_list":["post-48493","post","type-post","status-publish","format-standard","has-post-thumbnail","hentry","category-xalapa"],"jetpack_featured_media_url":"https:\/\/encuentroinformativo.com.mx\/wp-content\/uploads\/2023\/12\/IMG_1766.jpg","jetpack_sharing_enabled":true,"jetpack_likes_enabled":true,"amp_enabled":true,"_links":{"self":[{"href":"https:\/\/encuentroinformativo.com.mx\/index.php?rest_route=\/wp\/v2\/posts\/48493","targetHints":{"allow":["GET"]}}],"collection":[{"href":"https:\/\/encuentroinformativo.com.mx\/index.php?rest_route=\/wp\/v2\/posts"}],"about":[{"href":"https:\/\/encuentroinformativo.com.mx\/index.php?rest_route=\/wp\/v2\/types\/post"}],"author":[{"embeddable":true,"href":"https:\/\/encuentroinformativo.com.mx\/index.php?rest_route=\/wp\/v2\/users\/2476"}],"replies":[{"embeddable":true,"href":"https:\/\/encuentroinformativo.com.mx\/index.php?rest_route=%2Fwp%2Fv2%2Fcomments&post=48493"}],"version-history":[{"count":1,"href":"https:\/\/encuentroinformativo.com.mx\/index.php?rest_route=\/wp\/v2\/posts\/48493\/revisions"}],"predecessor-version":[{"id":48495,"href":"https:\/\/encuentroinformativo.com.mx\/index.php?rest_route=\/wp\/v2\/posts\/48493\/revisions\/48495"}],"wp:featuredmedia":[{"embeddable":true,"href":"https:\/\/encuentroinformativo.com.mx\/index.php?rest_route=\/wp\/v2\/media\/48494"}],"wp:attachment":[{"href":"https:\/\/encuentroinformativo.com.mx\/index.php?rest_route=%2Fwp%2Fv2%2Fmedia&parent=48493"}],"wp:term":[{"taxonomy":"category","embeddable":true,"href":"https:\/\/encuentroinformativo.com.mx\/index.php?rest_route=%2Fwp%2Fv2%2Fcategories&post=48493"},{"taxonomy":"post_tag","embeddable":true,"href":"https:\/\/encuentroinformativo.com.mx\/index.php?rest_route=%2Fwp%2Fv2%2Ftags&post=48493"}],"curies":[{"name":"wp","href":"https:\/\/api.w.org\/{rel}","templated":true}]}}