{"id":4850,"date":"2020-08-12T15:01:19","date_gmt":"2020-08-12T20:01:19","guid":{"rendered":"https:\/\/encuentroinformativo.com\/?p=4850"},"modified":"2020-08-12T15:01:21","modified_gmt":"2020-08-12T20:01:21","slug":"por-covid-permanecen-hospitalizados-3-sacerdotes-de-la-arquidiocesis-de-xalapa","status":"publish","type":"post","link":"https:\/\/encuentroinformativo.com.mx\/?p=4850","title":{"rendered":"Por Covid, permanecen hospitalizados 3 sacerdotes de la Arquidi\u00f3cesis de Xalapa"},"content":{"rendered":"\n<p><strong>Juan Arcos <\/strong><\/p>\n\n\n\n<p>Xalapa, Ver.- Tres sacerdotes de la Arquidi\u00f3cesis de Xalapa permanecen hospitalizados por SARS-COV-2 (COVID-19).<\/p>\n\n\n\n<p>El vocero de dicha Arquidi\u00f3cesis, Jos\u00e9 Manuel Suazo Reyes, indic\u00f3 que la comunidad eclesi\u00e1stica se mantiene en alerta por la pandemia.<\/p>\n\n\n\n<p>\u201cLa Arquidi\u00f3cesis de Xalapa se mantiene en alerta ante los posibles contagios de Covid de algunos de nuestros sacerdotes. Al momento, son tres sacerdotes los que est\u00e1n hospitalizados recuper\u00e1ndose de este contagio\u201d.<\/p>\n\n\n\n<p>Se trata de los padres Miguel Ord\u00f3\u00f1ez, Gabriel Maga\u00f1a y Alfredo Hern\u00e1ndez, quienes presentan una mejor\u00eda de salud y podr\u00edan ser dados de alta en los siguientes d\u00edas.<\/p>\n\n\n\n<p>\u201cGracias a Dios con evoluci\u00f3n positiva, incluso, con la posibilidad de ser pronto enviados a sus hogares a recuperarse\u201d.\u00a0<br>Record\u00f3 que los padres Gilberto S\u00e1nchez Rebolledo y \u00c1lvaro Fern\u00e1ndez \u00c1vila fallecieron a causa de esa enfermedad.<\/p>\n\n\n\n<p>\u201cLamentablemente dos de los sacerdotes contagiados han fallecido, uno recientemente, el padre Gilberto Su\u00e1rez Rebolledo, que falleci\u00f3 el pasado domingo durante la tarde y un poco antes el padre Alvarito, quien muri\u00f3 sorpresivamente sin que nosotros conoci\u00e9ramos que estuviera infectado de este mal\u201d.<\/p>\n\n\n\n<p>Suazo Reyes indic\u00f3 que los sacerdotes acatan las recomendaciones emitidas por la Secretar\u00eda de Salud de Veracruz para evitar los contagios.<\/p>\n\n\n\n<p>\u201cA nuestros feligreses tambi\u00e9n los procuramos invitarlos para que todos nos cuidemos y cuidemos a los dem\u00e1s\u201d, remat\u00f3.\u00a0<\/p>\n\n\n\n<p><\/p>\n\n\n\n<p><\/p>\n","protected":false},"excerpt":{"rendered":"<p>Juan Arcos Xalapa, Ver.- Tres sacerdotes de la Arquidi\u00f3cesis de Xalapa permanecen hospitalizados por SARS-COV-2 (COVID-19). El vocero de dicha Arquidi\u00f3cesis, Jos\u00e9 Manuel Suazo Reyes, indic\u00f3 que la comunidad eclesi\u00e1stica se mantiene en alerta por la pandemia. \u201cLa Arquidi\u00f3cesis de Xalapa se mantiene en alerta ante los posibles contagios de Covid de algunos de nuestros [&hellip;]<\/p>\n","protected":false},"author":1,"featured_media":4851,"comment_status":"open","ping_status":"open","sticky":false,"template":"","format":"standard","meta":{"_jetpack_memberships_contains_paid_content":false,"footnotes":""},"categories":[9],"tags":[],"class_list":["post-4850","post","type-post","status-publish","format-standard","has-post-thumbnail","hentry","category-salud"],"jetpack_featured_media_url":"https:\/\/encuentroinformativo.com.mx\/wp-content\/uploads\/2020\/08\/503DA561-98A2-4861-ACB3-1B18A9545545.jpeg","jetpack_sharing_enabled":true,"jetpack_likes_enabled":true,"amp_enabled":true,"_links":{"self":[{"href":"https:\/\/encuentroinformativo.com.mx\/index.php?rest_route=\/wp\/v2\/posts\/4850","targetHints":{"allow":["GET"]}}],"collection":[{"href":"https:\/\/encuentroinformativo.com.mx\/index.php?rest_route=\/wp\/v2\/posts"}],"about":[{"href":"https:\/\/encuentroinformativo.com.mx\/index.php?rest_route=\/wp\/v2\/types\/post"}],"author":[{"embeddable":true,"href":"https:\/\/encuentroinformativo.com.mx\/index.php?rest_route=\/wp\/v2\/users\/1"}],"replies":[{"embeddable":true,"href":"https:\/\/encuentroinformativo.com.mx\/index.php?rest_route=%2Fwp%2Fv2%2Fcomments&post=4850"}],"version-history":[{"count":1,"href":"https:\/\/encuentroinformativo.com.mx\/index.php?rest_route=\/wp\/v2\/posts\/4850\/revisions"}],"predecessor-version":[{"id":4852,"href":"https:\/\/encuentroinformativo.com.mx\/index.php?rest_route=\/wp\/v2\/posts\/4850\/revisions\/4852"}],"wp:featuredmedia":[{"embeddable":true,"href":"https:\/\/encuentroinformativo.com.mx\/index.php?rest_route=\/wp\/v2\/media\/4851"}],"wp:attachment":[{"href":"https:\/\/encuentroinformativo.com.mx\/index.php?rest_route=%2Fwp%2Fv2%2Fmedia&parent=4850"}],"wp:term":[{"taxonomy":"category","embeddable":true,"href":"https:\/\/encuentroinformativo.com.mx\/index.php?rest_route=%2Fwp%2Fv2%2Fcategories&post=4850"},{"taxonomy":"post_tag","embeddable":true,"href":"https:\/\/encuentroinformativo.com.mx\/index.php?rest_route=%2Fwp%2Fv2%2Ftags&post=4850"}],"curies":[{"name":"wp","href":"https:\/\/api.w.org\/{rel}","templated":true}]}}