{"id":48502,"date":"2023-12-13T14:11:48","date_gmt":"2023-12-13T20:11:48","guid":{"rendered":"https:\/\/encuentroinformativo.com.mx\/?p=48502"},"modified":"2023-12-13T14:11:53","modified_gmt":"2023-12-13T20:11:53","slug":"sev-deja-pendiente-pago-de-bono-a-maestros-estatales-de-veracruz","status":"publish","type":"post","link":"https:\/\/encuentroinformativo.com.mx\/?p=48502","title":{"rendered":"SEV deja pendiente pago de bono a maestros estatales de Veracruz"},"content":{"rendered":"\n<p><strong>Alejandro \u00c1vila<\/strong><\/p>\n\n\n\n<p>Boca del R\u00edo, Ver.- El secretario de Educaci\u00f3n de Veracruz, V\u00edctor Vargas Barrientos, reconoci\u00f3 que a\u00fan est\u00e1 pendiente el pago del Bono Federal a los docentes estatales, mismo que se estima entregarlo en la segunda quincena del mes de diciembre.<\/p>\n\n\n\n<p>Agreg\u00f3 que a los maestros federales ya les fue entregado este recurso federal; y en acuerdo con los sindicatos del magisterio, ser\u00e1 a partir del 14 de diciembre cuando se entregue el aguinaldo a los docentes de Veracruz.<\/p>\n\n\n\n<p>&#8220;Ya est\u00e1 programado, en tiempo y forma se inform\u00f3 a los sindicatos el pago el 14 de diciembre del presente, en la quincena 23 se va a pagar 20 d\u00edas y cinco d\u00edas correspondientes a los aguinaldos, lo que va a quedar pendiente para la siguiente semana, del 18 al 22, es el pago de la nivelaci\u00f3n, que es un bono a nivel federal que est\u00e1 pendiente para los trabajadores estatales (\u2026) ya a los federales ya se les pag\u00f3, solamente tenemos pendiente el bono para los maestros estatales&#8221;, expres\u00f3.<\/p>\n\n\n\n<p>En breve visita al municipio de Boca del R\u00edo, el secretario de Educaci\u00f3n inaugur\u00f3 la remodelaci\u00f3n del qu\u00e9 se ubica en el fraccionamiento Las Vegas; donde tambi\u00e9n se dar\u00e1n clases de Taekwondo, Box y Artes Marciales Mixtas.<\/p>\n","protected":false},"excerpt":{"rendered":"<p>Alejandro \u00c1vila Boca del R\u00edo, Ver.- El secretario de Educaci\u00f3n de Veracruz, V\u00edctor Vargas Barrientos, reconoci\u00f3 que a\u00fan est\u00e1 pendiente el pago del Bono Federal a los docentes estatales, mismo que se estima entregarlo en la segunda quincena del mes de diciembre. Agreg\u00f3 que a los maestros federales ya les fue entregado este recurso federal; [&hellip;]<\/p>\n","protected":false},"author":2476,"featured_media":48503,"comment_status":"open","ping_status":"open","sticky":false,"template":"","format":"standard","meta":{"_jetpack_memberships_contains_paid_content":false,"footnotes":""},"categories":[2],"tags":[],"class_list":["post-48502","post","type-post","status-publish","format-standard","has-post-thumbnail","hentry","category-estado"],"jetpack_featured_media_url":"https:\/\/encuentroinformativo.com.mx\/wp-content\/uploads\/2023\/12\/IMG-20231213-WA00402.jpg","jetpack_sharing_enabled":true,"jetpack_likes_enabled":true,"amp_enabled":true,"_links":{"self":[{"href":"https:\/\/encuentroinformativo.com.mx\/index.php?rest_route=\/wp\/v2\/posts\/48502","targetHints":{"allow":["GET"]}}],"collection":[{"href":"https:\/\/encuentroinformativo.com.mx\/index.php?rest_route=\/wp\/v2\/posts"}],"about":[{"href":"https:\/\/encuentroinformativo.com.mx\/index.php?rest_route=\/wp\/v2\/types\/post"}],"author":[{"embeddable":true,"href":"https:\/\/encuentroinformativo.com.mx\/index.php?rest_route=\/wp\/v2\/users\/2476"}],"replies":[{"embeddable":true,"href":"https:\/\/encuentroinformativo.com.mx\/index.php?rest_route=%2Fwp%2Fv2%2Fcomments&post=48502"}],"version-history":[{"count":1,"href":"https:\/\/encuentroinformativo.com.mx\/index.php?rest_route=\/wp\/v2\/posts\/48502\/revisions"}],"predecessor-version":[{"id":48504,"href":"https:\/\/encuentroinformativo.com.mx\/index.php?rest_route=\/wp\/v2\/posts\/48502\/revisions\/48504"}],"wp:featuredmedia":[{"embeddable":true,"href":"https:\/\/encuentroinformativo.com.mx\/index.php?rest_route=\/wp\/v2\/media\/48503"}],"wp:attachment":[{"href":"https:\/\/encuentroinformativo.com.mx\/index.php?rest_route=%2Fwp%2Fv2%2Fmedia&parent=48502"}],"wp:term":[{"taxonomy":"category","embeddable":true,"href":"https:\/\/encuentroinformativo.com.mx\/index.php?rest_route=%2Fwp%2Fv2%2Fcategories&post=48502"},{"taxonomy":"post_tag","embeddable":true,"href":"https:\/\/encuentroinformativo.com.mx\/index.php?rest_route=%2Fwp%2Fv2%2Ftags&post=48502"}],"curies":[{"name":"wp","href":"https:\/\/api.w.org\/{rel}","templated":true}]}}