{"id":48505,"date":"2023-12-13T14:15:51","date_gmt":"2023-12-13T20:15:51","guid":{"rendered":"https:\/\/encuentroinformativo.com.mx\/?p=48505"},"modified":"2023-12-13T14:15:55","modified_gmt":"2023-12-13T20:15:55","slug":"por-epoca-decembrina-esperan-hoteleros-repunte-de-80-en-ocupacion","status":"publish","type":"post","link":"https:\/\/encuentroinformativo.com.mx\/?p=48505","title":{"rendered":"Por \u00e9poca decembrina, esperan hoteleros repunte de 80% en ocupaci\u00f3n"},"content":{"rendered":"\n<p><strong>Alejandro \u00c1vila<\/strong><\/p>\n\n\n\n<p>Veracruz, Ver.- El presidente de la Asociaci\u00f3n Mexicana de Hoteles y Moteles Veracruz &#8211; Boca del R\u00edo, C\u00e9sar Alfonso Mu\u00f1iz Cuervo, pronostica una gran temporada vacacional para el sector hotelero durante la temporada vacacional decembrina.<\/p>\n\n\n\n<p>En el momento actual, las reservaciones se sit\u00faan en un 80%, y se espera que aumente en los pr\u00f3ximos d\u00edas, especialmente una vez que las escuelas salgan de vacaciones. Este pron\u00f3stico refleja el inter\u00e9s y la preferencia de turistas nacionales e inclusive internacionales por disfrutar de los atractivos tur\u00edsticos que ofrece la regi\u00f3n de Primeros Pasos de Cort\u00e9s, as\u00ed como las diferentes actividades que se desarrollar\u00e1n durante los pr\u00f3ximos d\u00edas.&nbsp;<\/p>\n\n\n\n<p>La gran oferta hotelera con la que cuenta la regi\u00f3n de Veracruz &#8211; Boca del R\u00edo es un factor determinante para el aumento en la ocupaci\u00f3n. Los hoteles y moteles de la regi\u00f3n ofrecen una amplia gama de servicios de calidad, desde alojamientos sencillos hasta lujosos resorts, que se adaptan a las necesidades y preferencias de los visitantes.<\/p>\n\n\n\n<p>Adem\u00e1s, la regi\u00f3n de Primeros Pasos de Cort\u00e9s ofrece una riqueza cultural, hist\u00f3rica y natural que atrae a turistas \u00e1vidos de experiencias aut\u00e9nticas. Desde sus hermosas playas hasta su deliciosa gastronom\u00eda y sus sitios hist\u00f3ricos, Veracruz &#8211; Boca del R\u00edo tiene todo lo necesario para brindar a los visitantes una estancia inolvidable.<\/p>\n\n\n\n<p>El presidente de la Asociaci\u00f3n Mexicana de Hoteles y Moteles Veracruz &#8211; Boca del R\u00edo, C\u00e9sar Alfonso Mu\u00f1iz Cuervo, invita a turistas nacionales e internacionales a disfrutar de esta temporada vacacional en la regi\u00f3n de Primeros Pasos de Cort\u00e9s, asegurando que la hospitalidad y la calidad de los servicios tur\u00edsticos ser\u00e1n el sello distintivo de su experiencia.<\/p>\n\n\n\n<p>La asociaci\u00f3n se compromete a seguir trabajando en colaboraci\u00f3n con las autoridades y prestadores de servicios tur\u00edsticos para garantizar que los visitantes disfruten de una estancia segura, placentera y llena de experiencias inolvidables durante su visita a Veracruz &#8211; Boca del R\u00edo.<\/p>\n","protected":false},"excerpt":{"rendered":"<p>Alejandro \u00c1vila Veracruz, Ver.- El presidente de la Asociaci\u00f3n Mexicana de Hoteles y Moteles Veracruz &#8211; Boca del R\u00edo, C\u00e9sar Alfonso Mu\u00f1iz Cuervo, pronostica una gran temporada vacacional para el sector hotelero durante la temporada vacacional decembrina. En el momento actual, las reservaciones se sit\u00faan en un 80%, y se espera que aumente en los [&hellip;]<\/p>\n","protected":false},"author":2476,"featured_media":48506,"comment_status":"open","ping_status":"open","sticky":false,"template":"","format":"standard","meta":{"_jetpack_memberships_contains_paid_content":false,"footnotes":""},"categories":[2],"tags":[],"class_list":["post-48505","post","type-post","status-publish","format-standard","has-post-thumbnail","hentry","category-estado"],"jetpack_featured_media_url":"https:\/\/encuentroinformativo.com.mx\/wp-content\/uploads\/2023\/12\/IMG-20231213-WA00492.jpg","jetpack_sharing_enabled":true,"jetpack_likes_enabled":true,"amp_enabled":true,"_links":{"self":[{"href":"https:\/\/encuentroinformativo.com.mx\/index.php?rest_route=\/wp\/v2\/posts\/48505","targetHints":{"allow":["GET"]}}],"collection":[{"href":"https:\/\/encuentroinformativo.com.mx\/index.php?rest_route=\/wp\/v2\/posts"}],"about":[{"href":"https:\/\/encuentroinformativo.com.mx\/index.php?rest_route=\/wp\/v2\/types\/post"}],"author":[{"embeddable":true,"href":"https:\/\/encuentroinformativo.com.mx\/index.php?rest_route=\/wp\/v2\/users\/2476"}],"replies":[{"embeddable":true,"href":"https:\/\/encuentroinformativo.com.mx\/index.php?rest_route=%2Fwp%2Fv2%2Fcomments&post=48505"}],"version-history":[{"count":1,"href":"https:\/\/encuentroinformativo.com.mx\/index.php?rest_route=\/wp\/v2\/posts\/48505\/revisions"}],"predecessor-version":[{"id":48507,"href":"https:\/\/encuentroinformativo.com.mx\/index.php?rest_route=\/wp\/v2\/posts\/48505\/revisions\/48507"}],"wp:featuredmedia":[{"embeddable":true,"href":"https:\/\/encuentroinformativo.com.mx\/index.php?rest_route=\/wp\/v2\/media\/48506"}],"wp:attachment":[{"href":"https:\/\/encuentroinformativo.com.mx\/index.php?rest_route=%2Fwp%2Fv2%2Fmedia&parent=48505"}],"wp:term":[{"taxonomy":"category","embeddable":true,"href":"https:\/\/encuentroinformativo.com.mx\/index.php?rest_route=%2Fwp%2Fv2%2Fcategories&post=48505"},{"taxonomy":"post_tag","embeddable":true,"href":"https:\/\/encuentroinformativo.com.mx\/index.php?rest_route=%2Fwp%2Fv2%2Ftags&post=48505"}],"curies":[{"name":"wp","href":"https:\/\/api.w.org\/{rel}","templated":true}]}}