{"id":48512,"date":"2023-12-13T16:44:37","date_gmt":"2023-12-13T22:44:37","guid":{"rendered":"https:\/\/encuentroinformativo.com.mx\/?p=48512"},"modified":"2023-12-13T16:44:47","modified_gmt":"2023-12-13T22:44:47","slug":"ante-nevadas-mantienen-operativos-en-cofre-de-perote","status":"publish","type":"post","link":"https:\/\/encuentroinformativo.com.mx\/?p=48512","title":{"rendered":"Ante nevadas, mantienen operativos en Cofre de Perote"},"content":{"rendered":"\n<p><strong>Juan Arcos <\/strong><\/p>\n\n\n\n<p>Xalapa, Ver.- En los parques nacionales Cofre de Perote y Pico de Orizaba se mantienen los operativos para resguardar a los ciudadanos que acudan para disfrutar de los paisajes por posibles nevadas.<\/p>\n\n\n\n<p>Se busca evitar que haya situaciones de riesgo y por ello la Secretaria de Protecci\u00f3n Civil del Estado de Veracruz coordina acciones al respecto.<\/p>\n\n\n\n<p>De acuerdo con la titular de la dependencia estatal, Guadalupe Osorno Maldonado, se prev\u00e9 que predominen las condiciones para nevadas en las zonas monta\u00f1osas de la entidad.<\/p>\n\n\n\n<p>El pasado 23 de noviembre se registr\u00f3 la primera nevada previo a la temporada invernal 2023-2024 en el Cofre de Perote. Tambi\u00e9n en el Pico de Orizaba se report\u00f3 la<\/p>\n\n\n\n<p>En esa ocasi\u00f3n, la nieve tuvo un espesor de entre dos y cinco cent\u00edmetros, a partir de los 3 mil 900 metros sobre el nivel del mar.<br>Contin\u00faa la posibilidad de ca\u00edda de agua nieve en el Cofre de Perote y el Pico de Orizaba durante las siguientes semanas.<\/p>\n\n\n\n<p>Las autoridades estatales piden a la poblaci\u00f3n seguir las recomendaciones de Protecci\u00f3n Civil emitidas a trav\u00e9s de los canales oficiales para evitar accidentes en dichas zonas de monta\u00f1a.<\/p>\n","protected":false},"excerpt":{"rendered":"<p>Juan Arcos Xalapa, Ver.- En los parques nacionales Cofre de Perote y Pico de Orizaba se mantienen los operativos para resguardar a los ciudadanos que acudan para disfrutar de los paisajes por posibles nevadas. Se busca evitar que haya situaciones de riesgo y por ello la Secretaria de Protecci\u00f3n Civil del Estado de Veracruz coordina [&hellip;]<\/p>\n","protected":false},"author":2476,"featured_media":48513,"comment_status":"open","ping_status":"open","sticky":false,"template":"","format":"standard","meta":{"_jetpack_memberships_contains_paid_content":false,"footnotes":""},"categories":[8],"tags":[],"class_list":["post-48512","post","type-post","status-publish","format-standard","has-post-thumbnail","hentry","category-region"],"jetpack_featured_media_url":"https:\/\/encuentroinformativo.com.mx\/wp-content\/uploads\/2023\/12\/IMG_8451.jpg","jetpack_sharing_enabled":true,"jetpack_likes_enabled":true,"amp_enabled":true,"_links":{"self":[{"href":"https:\/\/encuentroinformativo.com.mx\/index.php?rest_route=\/wp\/v2\/posts\/48512","targetHints":{"allow":["GET"]}}],"collection":[{"href":"https:\/\/encuentroinformativo.com.mx\/index.php?rest_route=\/wp\/v2\/posts"}],"about":[{"href":"https:\/\/encuentroinformativo.com.mx\/index.php?rest_route=\/wp\/v2\/types\/post"}],"author":[{"embeddable":true,"href":"https:\/\/encuentroinformativo.com.mx\/index.php?rest_route=\/wp\/v2\/users\/2476"}],"replies":[{"embeddable":true,"href":"https:\/\/encuentroinformativo.com.mx\/index.php?rest_route=%2Fwp%2Fv2%2Fcomments&post=48512"}],"version-history":[{"count":1,"href":"https:\/\/encuentroinformativo.com.mx\/index.php?rest_route=\/wp\/v2\/posts\/48512\/revisions"}],"predecessor-version":[{"id":48514,"href":"https:\/\/encuentroinformativo.com.mx\/index.php?rest_route=\/wp\/v2\/posts\/48512\/revisions\/48514"}],"wp:featuredmedia":[{"embeddable":true,"href":"https:\/\/encuentroinformativo.com.mx\/index.php?rest_route=\/wp\/v2\/media\/48513"}],"wp:attachment":[{"href":"https:\/\/encuentroinformativo.com.mx\/index.php?rest_route=%2Fwp%2Fv2%2Fmedia&parent=48512"}],"wp:term":[{"taxonomy":"category","embeddable":true,"href":"https:\/\/encuentroinformativo.com.mx\/index.php?rest_route=%2Fwp%2Fv2%2Fcategories&post=48512"},{"taxonomy":"post_tag","embeddable":true,"href":"https:\/\/encuentroinformativo.com.mx\/index.php?rest_route=%2Fwp%2Fv2%2Ftags&post=48512"}],"curies":[{"name":"wp","href":"https:\/\/api.w.org\/{rel}","templated":true}]}}