{"id":48518,"date":"2023-12-13T18:56:20","date_gmt":"2023-12-14T00:56:20","guid":{"rendered":"https:\/\/encuentroinformativo.com.mx\/?p=48518"},"modified":"2023-12-13T18:56:27","modified_gmt":"2023-12-14T00:56:27","slug":"congreso-cerrara-el-ano-sin-reconocer-a-pueblos-originarios-reclama-diputado","status":"publish","type":"post","link":"https:\/\/encuentroinformativo.com.mx\/?p=48518","title":{"rendered":"Congreso cerrar\u00e1 el a\u00f1o sin reconocer a pueblos originarios, reclama Diputado"},"content":{"rendered":"\n<p><strong>Dar\u00edo Pale <\/strong><\/p>\n\n\n\n<p>Xalapa, Ver.- El Congreso de Veracruz concluir\u00e1 el 2023 sin haber sacado de &#8220;la congeladora&#8221; la iniciativa con la que se pretende que los pueblos originarios sean reconocidos como sujetos de derecho p\u00fablico, as\u00ed lo dio a conocer el diputado local y presidente de la comisi\u00f3n de Asuntos Ind\u00edgenas, Bonifacio Castillo Cruz.<\/p>\n\n\n\n<p>En entrevista dio a conocer que dicha iniciativa tiene como objetivo erradicar las condiciones de pobreza, desigualdad, discriminaci\u00f3n e injusticia en las que viven los habitantes de los pueblos originarios.<\/p>\n\n\n\n<p>&#8220;Esta es una lucha que traemos desde el 2001, fui diputado federal y tuve en mis manos el asunto del Art\u00edculo Segundo Constitucional y fue ah\u00ed donde no fue posible agregar ese t\u00e9rmino de ser sujetos de derecho\u201d, se\u00f1al\u00f3.<\/p>\n\n\n\n<p>\u201cLlegando a este congreso veracruzano lo present\u00e9. Lo consult\u00e9, lo dictaminamos en la Comisi\u00f3n de Gobernaci\u00f3n, de Puntos Constitucionales y mi comisi\u00f3n de Asuntos Ind\u00edgenas. Afortunadamente lo dictaminamos pero extra\u00f1amente fue atra\u00eddo a la congeladora\u201d, agrego.<\/p>\n\n\n\n<p>No obstante y pese a que el gobierno morenista ha realzado su lucha por la igualdad y el respeto de los derechos de los pueblos originarios y afrodescendientes, reconoci\u00f3 que en la Sexag\u00e9sima Sexta Legislatura ha faltado voluntad para impulsar estas pol\u00edticas.<\/p>\n\n\n\n<p>Por \u00faltimo, el legislador morenista se\u00f1al\u00f3 que existe un abandono hist\u00f3rico hacia los pueblos originarios de Veracruz, por lo que pidi\u00f3 que haya aut\u00e9nticos representantes, pues \u201cmuchos van a servirse en lugar de servir\u201d.<\/p>\n","protected":false},"excerpt":{"rendered":"<p>Dar\u00edo Pale Xalapa, Ver.- El Congreso de Veracruz concluir\u00e1 el 2023 sin haber sacado de &#8220;la congeladora&#8221; la iniciativa con la que se pretende que los pueblos originarios sean reconocidos como sujetos de derecho p\u00fablico, as\u00ed lo dio a conocer el diputado local y presidente de la comisi\u00f3n de Asuntos Ind\u00edgenas, Bonifacio Castillo Cruz. En [&hellip;]<\/p>\n","protected":false},"author":2476,"featured_media":48519,"comment_status":"open","ping_status":"open","sticky":false,"template":"","format":"standard","meta":{"_jetpack_memberships_contains_paid_content":false,"footnotes":""},"categories":[2],"tags":[],"class_list":["post-48518","post","type-post","status-publish","format-standard","has-post-thumbnail","hentry","category-estado"],"jetpack_featured_media_url":"https:\/\/encuentroinformativo.com.mx\/wp-content\/uploads\/2023\/12\/IMG-20231213-WA0066.jpg","jetpack_sharing_enabled":true,"jetpack_likes_enabled":true,"amp_enabled":true,"_links":{"self":[{"href":"https:\/\/encuentroinformativo.com.mx\/index.php?rest_route=\/wp\/v2\/posts\/48518","targetHints":{"allow":["GET"]}}],"collection":[{"href":"https:\/\/encuentroinformativo.com.mx\/index.php?rest_route=\/wp\/v2\/posts"}],"about":[{"href":"https:\/\/encuentroinformativo.com.mx\/index.php?rest_route=\/wp\/v2\/types\/post"}],"author":[{"embeddable":true,"href":"https:\/\/encuentroinformativo.com.mx\/index.php?rest_route=\/wp\/v2\/users\/2476"}],"replies":[{"embeddable":true,"href":"https:\/\/encuentroinformativo.com.mx\/index.php?rest_route=%2Fwp%2Fv2%2Fcomments&post=48518"}],"version-history":[{"count":1,"href":"https:\/\/encuentroinformativo.com.mx\/index.php?rest_route=\/wp\/v2\/posts\/48518\/revisions"}],"predecessor-version":[{"id":48520,"href":"https:\/\/encuentroinformativo.com.mx\/index.php?rest_route=\/wp\/v2\/posts\/48518\/revisions\/48520"}],"wp:featuredmedia":[{"embeddable":true,"href":"https:\/\/encuentroinformativo.com.mx\/index.php?rest_route=\/wp\/v2\/media\/48519"}],"wp:attachment":[{"href":"https:\/\/encuentroinformativo.com.mx\/index.php?rest_route=%2Fwp%2Fv2%2Fmedia&parent=48518"}],"wp:term":[{"taxonomy":"category","embeddable":true,"href":"https:\/\/encuentroinformativo.com.mx\/index.php?rest_route=%2Fwp%2Fv2%2Fcategories&post=48518"},{"taxonomy":"post_tag","embeddable":true,"href":"https:\/\/encuentroinformativo.com.mx\/index.php?rest_route=%2Fwp%2Fv2%2Ftags&post=48518"}],"curies":[{"name":"wp","href":"https:\/\/api.w.org\/{rel}","templated":true}]}}