{"id":48521,"date":"2023-12-13T19:05:07","date_gmt":"2023-12-14T01:05:07","guid":{"rendered":"https:\/\/encuentroinformativo.com.mx\/?p=48521"},"modified":"2023-12-13T19:05:11","modified_gmt":"2023-12-14T01:05:11","slug":"refrenda-eleazar-guerrero-buenos-deseos-para-periodistas","status":"publish","type":"post","link":"https:\/\/encuentroinformativo.com.mx\/?p=48521","title":{"rendered":"Refrenda Eleazar Guerrero buenos deseos para periodistas"},"content":{"rendered":"\n<p>Banderilla, Ver.- Con motivo de las festividades decembrinas, que son una grata costumbre en nuestro pa\u00eds, el maestro Eleazar Guerrero P\u00e9rez refrend\u00f3 sus buenos deseos a los periodistas que durante todo el a\u00f1o han cubierto las m\u00faltiples actividades realizadas.<\/p>\n\n\n\n<p>La reuni\u00f3n tuvo lugar en el Sal\u00f3n Acosta de este municipio, y asistieron diversos miembros de medios informativos de la capital y \u00e1reas circundantes.<\/p>\n\n\n\n<p>Al tomar la palabra, el maestro Eleazar Guerrero P\u00e9rez agradeci\u00f3 a aquellos que han hecho de la libertad de expresi\u00f3n un baluarte a trav\u00e9s de su trabajo en diversos medios.<\/p>\n\n\n\n<p>Reconoci\u00f3 el esfuerzo de los periodistas y les expres\u00f3 sus mejores deseos. Posteriormente, se llev\u00f3 a cabo una rifa de art\u00edculos electrodom\u00e9sticos que alegr\u00f3 a los participantes.<\/p>\n\n\n\n<p>Al concluir la entrega de regalos, afirm\u00f3 que varios coordinadores de Unidos Todos participar\u00e1n en la b\u00fasqueda de espacios de representaci\u00f3n popular.<\/p>\n\n\n\n<p>En ese momento, varios de los presentes se acercaron para tomar una foto del recuerdo con su dirigente estatal.<\/p>\n\n\n\n<p>Los miembros de esta expresi\u00f3n ciudadana que buscar\u00e1n ser la voz de la Cuarta Trasformaci\u00f3n en el congreso son:<\/p>\n\n\n\n<p>Alejandro Garnica Fern\u00e1ndez por el distrito XV con cabecera en Orizaba.<br>Ana Cristina Morales Villar por el IV de Boca del R\u00edo.<br>Cuauht\u00e9moc Ya\u00f1ez Camacho XIII Huatusco.<br>Elvia Garc\u00eda Hern\u00e1ndez X Xalapa.<br>Estefan\u00eda Olivier Ram\u00edrez II \u00c1lamo.<br>Isela Flores Serapio I P\u00e1nuco.<br>Mar\u00eda Josefa Hern\u00e1ndez Santiago VI Papantla.<br>Marai L\u00f3pez Pacheco I P\u00e1nuco.<br>Lissethe Mart\u00ednez Echeverr\u00eda XII Veracruz.<br>Nytzia Guerrero B. IX Coatepec.<br>Marleth Blanco T\u00e9llez V Poza Rica.<br>Michael Pazar\u00f3n Salgado II \u00c1lamo.<br>Miguel \u00c1ngel J\u00e1come Dom\u00ednguez X Xalapa.<br>Monserrat Murrieta Moreno VII Mtnz. De la T.<br>Nancy Guerrero Mart\u00ednez XV Orizaba.<br>Paul Armenta Berman VII Mtz de la Torre.<br>Dulce Mar\u00eda Hern\u00e1ndez Tepole XVII Cosamaloapan.<br>Alberto de Jes\u00fas XVII Cosamaloapan.<br>Margarita Villegas XVII Cosamaloapan.<br>Esteban Acosta IX Coatepec.<\/p>\n","protected":false},"excerpt":{"rendered":"<p>Banderilla, Ver.- Con motivo de las festividades decembrinas, que son una grata costumbre en nuestro pa\u00eds, el maestro Eleazar Guerrero P\u00e9rez refrend\u00f3 sus buenos deseos a los periodistas que durante todo el a\u00f1o han cubierto las m\u00faltiples actividades realizadas. La reuni\u00f3n tuvo lugar en el Sal\u00f3n Acosta de este municipio, y asistieron diversos miembros de [&hellip;]<\/p>\n","protected":false},"author":2476,"featured_media":48522,"comment_status":"open","ping_status":"open","sticky":false,"template":"","format":"standard","meta":{"_jetpack_memberships_contains_paid_content":false,"footnotes":""},"categories":[2],"tags":[],"class_list":["post-48521","post","type-post","status-publish","format-standard","has-post-thumbnail","hentry","category-estado"],"jetpack_featured_media_url":"https:\/\/encuentroinformativo.com.mx\/wp-content\/uploads\/2023\/12\/IMG-20231213-WA00832.jpg","jetpack_sharing_enabled":true,"jetpack_likes_enabled":true,"amp_enabled":true,"_links":{"self":[{"href":"https:\/\/encuentroinformativo.com.mx\/index.php?rest_route=\/wp\/v2\/posts\/48521","targetHints":{"allow":["GET"]}}],"collection":[{"href":"https:\/\/encuentroinformativo.com.mx\/index.php?rest_route=\/wp\/v2\/posts"}],"about":[{"href":"https:\/\/encuentroinformativo.com.mx\/index.php?rest_route=\/wp\/v2\/types\/post"}],"author":[{"embeddable":true,"href":"https:\/\/encuentroinformativo.com.mx\/index.php?rest_route=\/wp\/v2\/users\/2476"}],"replies":[{"embeddable":true,"href":"https:\/\/encuentroinformativo.com.mx\/index.php?rest_route=%2Fwp%2Fv2%2Fcomments&post=48521"}],"version-history":[{"count":1,"href":"https:\/\/encuentroinformativo.com.mx\/index.php?rest_route=\/wp\/v2\/posts\/48521\/revisions"}],"predecessor-version":[{"id":48523,"href":"https:\/\/encuentroinformativo.com.mx\/index.php?rest_route=\/wp\/v2\/posts\/48521\/revisions\/48523"}],"wp:featuredmedia":[{"embeddable":true,"href":"https:\/\/encuentroinformativo.com.mx\/index.php?rest_route=\/wp\/v2\/media\/48522"}],"wp:attachment":[{"href":"https:\/\/encuentroinformativo.com.mx\/index.php?rest_route=%2Fwp%2Fv2%2Fmedia&parent=48521"}],"wp:term":[{"taxonomy":"category","embeddable":true,"href":"https:\/\/encuentroinformativo.com.mx\/index.php?rest_route=%2Fwp%2Fv2%2Fcategories&post=48521"},{"taxonomy":"post_tag","embeddable":true,"href":"https:\/\/encuentroinformativo.com.mx\/index.php?rest_route=%2Fwp%2Fv2%2Ftags&post=48521"}],"curies":[{"name":"wp","href":"https:\/\/api.w.org\/{rel}","templated":true}]}}