{"id":48528,"date":"2023-12-13T21:37:58","date_gmt":"2023-12-14T03:37:58","guid":{"rendered":"https:\/\/encuentroinformativo.com.mx\/?p=48528"},"modified":"2023-12-13T21:38:02","modified_gmt":"2023-12-14T03:38:02","slug":"recibe-ricardo-ahued-desfile-navideno-de-la-supervision-48r-de-preescolar","status":"publish","type":"post","link":"https:\/\/encuentroinformativo.com.mx\/?p=48528","title":{"rendered":"Recibe Ricardo Ahued Desfile Navide\u00f1o de la Supervisi\u00f3n 48R de Preescolar"},"content":{"rendered":"\n<p>Xalapa, Ver.- El presidente municipal Ricardo Ahued Bardahuil recibi\u00f3 esta noche a las y los integrantes del Desfile Navide\u00f1o organizado por la Supervisi\u00f3n 48R de Preescolar, con quienes convivi\u00f3 en el Patio Central del Palacio Municipal.<\/p>\n\n\n\n<p>Acompa\u00f1ado por el regidor Antonio Ballesteros Grayeb y la directora de Cultura, Karla Montano Rocher, el Edil agradeci\u00f3 la visita y afirm\u00f3 que este desfile es ejemplo de la unidad familiar que debe existir, especialmente en esta \u00e9poca de fiestas decembrinas.<\/p>\n\n\n\n<p>En nombre de ni\u00f1as y ni\u00f1os de los jardines de ni\u00f1os y preescolares &#8220;Carlos Rodr\u00edguez Calder\u00f3n&#8221;, &#8220;Cristobal Col\u00f3n&#8221;, &#8220;Jos\u00e9 Vasconcelos&#8221;, &#8220;Enrique Laubscher&#8221;, &#8220;Noxinach&#8221;, &#8220;Juan de Dios Peza&#8221;, &#8220;\u00c1ngela G\u00f3mez de Gonz\u00e1lez&#8221;, &#8216;Trinidad P\u00e9rez Gonz\u00e1lez&#8221;, Fovissste Vespertino y &#8220;Bertha Hern\u00e1ndez D\u00edaz&#8221;, estudiantes del preescolar &#8220;Juan Escutia&#8221; cantaron la tradicional Rama Navide\u00f1a.<\/p>\n","protected":false},"excerpt":{"rendered":"<p>Xalapa, Ver.- El presidente municipal Ricardo Ahued Bardahuil recibi\u00f3 esta noche a las y los integrantes del Desfile Navide\u00f1o organizado por la Supervisi\u00f3n 48R de Preescolar, con quienes convivi\u00f3 en el Patio Central del Palacio Municipal. Acompa\u00f1ado por el regidor Antonio Ballesteros Grayeb y la directora de Cultura, Karla Montano Rocher, el Edil agradeci\u00f3 la [&hellip;]<\/p>\n","protected":false},"author":2476,"featured_media":48529,"comment_status":"open","ping_status":"open","sticky":false,"template":"","format":"standard","meta":{"_jetpack_memberships_contains_paid_content":false,"footnotes":""},"categories":[3],"tags":[],"class_list":["post-48528","post","type-post","status-publish","format-standard","has-post-thumbnail","hentry","category-xalapa"],"jetpack_featured_media_url":"https:\/\/encuentroinformativo.com.mx\/wp-content\/uploads\/2023\/12\/IMG-20231213-WA01032.jpg","jetpack_sharing_enabled":true,"jetpack_likes_enabled":true,"amp_enabled":true,"_links":{"self":[{"href":"https:\/\/encuentroinformativo.com.mx\/index.php?rest_route=\/wp\/v2\/posts\/48528","targetHints":{"allow":["GET"]}}],"collection":[{"href":"https:\/\/encuentroinformativo.com.mx\/index.php?rest_route=\/wp\/v2\/posts"}],"about":[{"href":"https:\/\/encuentroinformativo.com.mx\/index.php?rest_route=\/wp\/v2\/types\/post"}],"author":[{"embeddable":true,"href":"https:\/\/encuentroinformativo.com.mx\/index.php?rest_route=\/wp\/v2\/users\/2476"}],"replies":[{"embeddable":true,"href":"https:\/\/encuentroinformativo.com.mx\/index.php?rest_route=%2Fwp%2Fv2%2Fcomments&post=48528"}],"version-history":[{"count":1,"href":"https:\/\/encuentroinformativo.com.mx\/index.php?rest_route=\/wp\/v2\/posts\/48528\/revisions"}],"predecessor-version":[{"id":48530,"href":"https:\/\/encuentroinformativo.com.mx\/index.php?rest_route=\/wp\/v2\/posts\/48528\/revisions\/48530"}],"wp:featuredmedia":[{"embeddable":true,"href":"https:\/\/encuentroinformativo.com.mx\/index.php?rest_route=\/wp\/v2\/media\/48529"}],"wp:attachment":[{"href":"https:\/\/encuentroinformativo.com.mx\/index.php?rest_route=%2Fwp%2Fv2%2Fmedia&parent=48528"}],"wp:term":[{"taxonomy":"category","embeddable":true,"href":"https:\/\/encuentroinformativo.com.mx\/index.php?rest_route=%2Fwp%2Fv2%2Fcategories&post=48528"},{"taxonomy":"post_tag","embeddable":true,"href":"https:\/\/encuentroinformativo.com.mx\/index.php?rest_route=%2Fwp%2Fv2%2Ftags&post=48528"}],"curies":[{"name":"wp","href":"https:\/\/api.w.org\/{rel}","templated":true}]}}