{"id":4853,"date":"2020-08-12T15:12:28","date_gmt":"2020-08-12T20:12:28","guid":{"rendered":"https:\/\/encuentroinformativo.com\/?p=4853"},"modified":"2020-08-12T15:12:30","modified_gmt":"2020-08-12T20:12:30","slug":"autoridades-han-detectado-casos-de-covid-en-migrantes","status":"publish","type":"post","link":"https:\/\/encuentroinformativo.com.mx\/?p=4853","title":{"rendered":"Autoridades han detectado casos de Covid en migrantes"},"content":{"rendered":"\n<p><strong>Juan Arcos <\/strong><\/p>\n\n\n\n<p>Xalapa, Ver.- Al estado de Veracruz han arribado migrantes centroamericanos contagiados de SARS-COV-2 (COVID-19).<\/p>\n\n\n\n<p>De acuerdo con el director de Atenci\u00f3n a Migrantes, Carlos Enrique Escalante Igual, el mes pasado, se detect\u00f3 un caso en la estaci\u00f3n migratoria de Acayucan, al sur de la entidad.<\/p>\n\n\n\n<p>El entrevistado detall\u00f3 que la persona extranjera presentaba los s\u00edntomas de la enfermedad y fue canalizado al Sector Salud.<\/p>\n\n\n\n<p>\u201cEl Sector Salud habilita y lleva a cabo todos los protocolos, le hacen las pruebas, sale positivo, es trasladado a un hospital y afortunadamente este migrante est\u00e1 bastante bien, se est\u00e1 recuperando\u201d.<\/p>\n\n\n\n<p>El funcionario estatal dio a conocer que tambi\u00e9n se detectaron otras dos personas con s\u00edntomas de COVID-19, quienes dieron negativo a la prueba correspondiente.<\/p>\n\n\n\n<p>\u201cHab\u00eda dos, el Sector Salud, dec\u00eda que ten\u00edan indicios, pero salieron negativos afortunadamente\u201d.<\/p>\n\n\n\n<p>Escalante Igual record\u00f3 que ha disminuido la llegada de migrantes centroamericanos a la entidad por la contingencia sanitaria.<\/p>\n\n\n\n<p>La estaci\u00f3n migratoria del municipio de Acayucan recib\u00eda hasta mil 500 migrantes en un s\u00f3lo d\u00eda, antes de la pandemia; sin embargo, en las \u00faltimas semanas, solo hay registro de entre 15 y 20 ciudadanos provenientes de Guatemala, El Salvador y Honduras.<\/p>\n\n\n\n<p>El Director de Atenci\u00f3n a Migrantes admiti\u00f3 que algunos centroamericanos ingresan por la frontera sur, principalmente por la selva de Tenosique, Tabasco, sin ser detectados.\u00a0<\/p>\n\n\n\n<p><\/p>\n\n\n\n<p><\/p>\n","protected":false},"excerpt":{"rendered":"<p>Juan Arcos Xalapa, Ver.- Al estado de Veracruz han arribado migrantes centroamericanos contagiados de SARS-COV-2 (COVID-19). De acuerdo con el director de Atenci\u00f3n a Migrantes, Carlos Enrique Escalante Igual, el mes pasado, se detect\u00f3 un caso en la estaci\u00f3n migratoria de Acayucan, al sur de la entidad. El entrevistado detall\u00f3 que la persona extranjera presentaba [&hellip;]<\/p>\n","protected":false},"author":1,"featured_media":4854,"comment_status":"open","ping_status":"open","sticky":false,"template":"","format":"standard","meta":{"_jetpack_memberships_contains_paid_content":false,"footnotes":""},"categories":[2],"tags":[],"class_list":["post-4853","post","type-post","status-publish","format-standard","has-post-thumbnail","hentry","category-estado"],"jetpack_featured_media_url":"https:\/\/encuentroinformativo.com.mx\/wp-content\/uploads\/2020\/08\/AD8DC5F6-FEA1-4FF4-806C-0FB922FDE239.jpeg","jetpack_sharing_enabled":true,"jetpack_likes_enabled":true,"amp_enabled":true,"_links":{"self":[{"href":"https:\/\/encuentroinformativo.com.mx\/index.php?rest_route=\/wp\/v2\/posts\/4853","targetHints":{"allow":["GET"]}}],"collection":[{"href":"https:\/\/encuentroinformativo.com.mx\/index.php?rest_route=\/wp\/v2\/posts"}],"about":[{"href":"https:\/\/encuentroinformativo.com.mx\/index.php?rest_route=\/wp\/v2\/types\/post"}],"author":[{"embeddable":true,"href":"https:\/\/encuentroinformativo.com.mx\/index.php?rest_route=\/wp\/v2\/users\/1"}],"replies":[{"embeddable":true,"href":"https:\/\/encuentroinformativo.com.mx\/index.php?rest_route=%2Fwp%2Fv2%2Fcomments&post=4853"}],"version-history":[{"count":1,"href":"https:\/\/encuentroinformativo.com.mx\/index.php?rest_route=\/wp\/v2\/posts\/4853\/revisions"}],"predecessor-version":[{"id":4855,"href":"https:\/\/encuentroinformativo.com.mx\/index.php?rest_route=\/wp\/v2\/posts\/4853\/revisions\/4855"}],"wp:featuredmedia":[{"embeddable":true,"href":"https:\/\/encuentroinformativo.com.mx\/index.php?rest_route=\/wp\/v2\/media\/4854"}],"wp:attachment":[{"href":"https:\/\/encuentroinformativo.com.mx\/index.php?rest_route=%2Fwp%2Fv2%2Fmedia&parent=4853"}],"wp:term":[{"taxonomy":"category","embeddable":true,"href":"https:\/\/encuentroinformativo.com.mx\/index.php?rest_route=%2Fwp%2Fv2%2Fcategories&post=4853"},{"taxonomy":"post_tag","embeddable":true,"href":"https:\/\/encuentroinformativo.com.mx\/index.php?rest_route=%2Fwp%2Fv2%2Ftags&post=4853"}],"curies":[{"name":"wp","href":"https:\/\/api.w.org\/{rel}","templated":true}]}}