{"id":48535,"date":"2023-12-14T11:59:31","date_gmt":"2023-12-14T17:59:31","guid":{"rendered":"https:\/\/encuentroinformativo.com.mx\/?p=48535"},"modified":"2023-12-14T11:59:36","modified_gmt":"2023-12-14T17:59:36","slug":"analiza-finanzas-brindar-aumento-presupuestal-al-ivai","status":"publish","type":"post","link":"https:\/\/encuentroinformativo.com.mx\/?p=48535","title":{"rendered":"Analiza Finanzas brindar aumento presupuestal al IVAI"},"content":{"rendered":"\n<p><strong>Dar\u00edo Pale <\/strong><\/p>\n\n\n\n<p>Xalapa, Ver.- El secretario de Finanzas y Planeaci\u00f3n, Jos\u00e9 Luis Lima Franco, dio a conocer que podr\u00edan ampliar el presupuesto al Instituto Veracruzano de Acceso a la informaci\u00f3n y Protecci\u00f3n de Datos personales (IVAI) para el pago de cuotas al Instituto de Pensiones del Estado (IPE).<\/p>\n\n\n\n<p>En entrevista se\u00f1al\u00f3 que, previo a la discusi\u00f3n del presupuesto para el pr\u00f3ximo a\u00f1o, adelant\u00f3 que al IVAI se le podr\u00edan dar m\u00e1s recursos para pagar las cuotas y aportaciones al IPE y que sus trabajadores puedan tener esa prestaci\u00f3n.<\/p>\n\n\n\n<p>Y es que hay que recordar que el comisionado presidente del Instituto, David Agust\u00edn Jim\u00e9nez Rojas, inform\u00f3 que quieren asegurar recursos para el pago de cuotas al IPE.<\/p>\n\n\n\n<p>En ese sentido, el secretario revel\u00f3 que es algo de lo que se dialogar\u00e1 con los diputados previo a la sesi\u00f3n para la discusi\u00f3n del presupuesto, pero existen posibilidades de que se le asignen m\u00e1s recursos al \u00f3rgano garante.<\/p>\n\n\n\n<p>&#8220;El presupuesto es uno y habr\u00eda que modificar en caso de que fuera para ellos un poco m\u00e1s, habr\u00eda que ver de d\u00f3nde se toman los recursos&#8221;, se\u00f1al\u00f3.<\/p>\n\n\n\n<p>&#8220;Por supuesto que disponibilidad hay, pero ser\u00e1 un tema que se tendr\u00e1 que revisar hoy&#8221;, agreg\u00f3.<\/p>\n\n\n\n<p>Dio a conocer que est\u00e1n en la mejor disposici\u00f3n de que se hagan modificaciones por parte de los diputados, ademas neg\u00f3 que alguna otra dependencia u organismo haya solicitado alguna modificaci\u00f3n para su presupuesto.<\/p>\n\n\n\n<p>En tanto que en el caso del Organismo P\u00fablico Local Electoral (OPLE), que tambi\u00e9n esperaba m\u00e1s recursos, Lima Franco abund\u00f3 que aunque la dependencia a su cargo proponga una modificaci\u00f3n, al final los que lo aprueban o rechazan son los legisladores.<\/p>\n\n\n\n<p>Rechaz\u00f3 que por modificar los proyectos de presupuesto de las dependencias u organismos este violando la Ley.<\/p>\n\n\n\n<p>Finalmente se\u00f1al\u00f3 que, &#8220;no, porque al final nosotros proponemos, al final la facultad es del Congreso&#8221;.<\/p>\n","protected":false},"excerpt":{"rendered":"<p>Dar\u00edo Pale Xalapa, Ver.- El secretario de Finanzas y Planeaci\u00f3n, Jos\u00e9 Luis Lima Franco, dio a conocer que podr\u00edan ampliar el presupuesto al Instituto Veracruzano de Acceso a la informaci\u00f3n y Protecci\u00f3n de Datos personales (IVAI) para el pago de cuotas al Instituto de Pensiones del Estado (IPE). En entrevista se\u00f1al\u00f3 que, previo a la [&hellip;]<\/p>\n","protected":false},"author":2476,"featured_media":41656,"comment_status":"open","ping_status":"open","sticky":false,"template":"","format":"standard","meta":{"_jetpack_memberships_contains_paid_content":false,"footnotes":""},"categories":[2],"tags":[],"class_list":["post-48535","post","type-post","status-publish","format-standard","has-post-thumbnail","hentry","category-estado"],"jetpack_featured_media_url":"https:\/\/encuentroinformativo.com.mx\/wp-content\/uploads\/2023\/06\/IMG-20230607-WA00772.jpg","jetpack_sharing_enabled":true,"jetpack_likes_enabled":true,"amp_enabled":true,"_links":{"self":[{"href":"https:\/\/encuentroinformativo.com.mx\/index.php?rest_route=\/wp\/v2\/posts\/48535","targetHints":{"allow":["GET"]}}],"collection":[{"href":"https:\/\/encuentroinformativo.com.mx\/index.php?rest_route=\/wp\/v2\/posts"}],"about":[{"href":"https:\/\/encuentroinformativo.com.mx\/index.php?rest_route=\/wp\/v2\/types\/post"}],"author":[{"embeddable":true,"href":"https:\/\/encuentroinformativo.com.mx\/index.php?rest_route=\/wp\/v2\/users\/2476"}],"replies":[{"embeddable":true,"href":"https:\/\/encuentroinformativo.com.mx\/index.php?rest_route=%2Fwp%2Fv2%2Fcomments&post=48535"}],"version-history":[{"count":1,"href":"https:\/\/encuentroinformativo.com.mx\/index.php?rest_route=\/wp\/v2\/posts\/48535\/revisions"}],"predecessor-version":[{"id":48536,"href":"https:\/\/encuentroinformativo.com.mx\/index.php?rest_route=\/wp\/v2\/posts\/48535\/revisions\/48536"}],"wp:featuredmedia":[{"embeddable":true,"href":"https:\/\/encuentroinformativo.com.mx\/index.php?rest_route=\/wp\/v2\/media\/41656"}],"wp:attachment":[{"href":"https:\/\/encuentroinformativo.com.mx\/index.php?rest_route=%2Fwp%2Fv2%2Fmedia&parent=48535"}],"wp:term":[{"taxonomy":"category","embeddable":true,"href":"https:\/\/encuentroinformativo.com.mx\/index.php?rest_route=%2Fwp%2Fv2%2Fcategories&post=48535"},{"taxonomy":"post_tag","embeddable":true,"href":"https:\/\/encuentroinformativo.com.mx\/index.php?rest_route=%2Fwp%2Fv2%2Ftags&post=48535"}],"curies":[{"name":"wp","href":"https:\/\/api.w.org\/{rel}","templated":true}]}}