{"id":48541,"date":"2023-12-14T13:16:56","date_gmt":"2023-12-14T19:16:56","guid":{"rendered":"https:\/\/encuentroinformativo.com.mx\/?p=48541"},"modified":"2023-12-14T13:17:02","modified_gmt":"2023-12-14T19:17:02","slug":"por-presunto-acoso-dan-de-baja-a-policias-municipales-en-medellin","status":"publish","type":"post","link":"https:\/\/encuentroinformativo.com.mx\/?p=48541","title":{"rendered":"Por presunto acoso, dan de baja a polic\u00edas municipales en Medell\u00edn"},"content":{"rendered":"\n<p><strong>Alejandro \u00c1vila<\/strong><\/p>\n\n\n\n<p>Veracruz, Ver.- En este 2023 la Polic\u00eda Municipal de Medellin de Bravo dio de baja a 3 elementos; 2 de ellos por presunto acoso sexual y, uno m\u00e1s, por no acreditar los examenes de control y confianza.<\/p>\n\n\n\n<p>Amado Serrano Canales, coordinador administrativo de la Polic\u00eda de Medell\u00edn de Bravo, mencion\u00f3 que al momento cuentan con 33 elementos para patrullar el municipio; de los cuales, 18 pertenecen a la Polic\u00eda Municipal, y el resto son enviados como apoyo por parte de la Secretar\u00eda de Seguridad P\u00fablica.<\/p>\n\n\n\n<p>&#8220;Fueron dos elementos y el motivo fue una denuncia que se\u00f1alan compa\u00f1eras de servicio por acoso sexual (\u2026) son tres personas, tres elementos femeninos que en su momento denuncian los hechos, en primer t\u00e9rmino denuncia los hechos ante el Comit\u00e9 de Honor y Justicia de la Polic\u00eda Municipal de Medell\u00edn de Bravo (\u2026) en total son dos elementos dados de baja por ese motivo&#8221;, mencion\u00f3.<\/p>\n\n\n\n<p>Amado Serrano expuso que el presunto acoso inici\u00f3 el 19 de junio del presente a\u00f1o, y 10 d\u00edas despu\u00e9s las compa\u00f1eras hacen la denuncia ante las instancias correspondientes de la Polic\u00eda Municipal, presentando pruebas irrefutables que hicieron fueron separados de su cargo; cabe mencionar que uno de los elementos que fue dado de baja, ten\u00eda un nombramiento como coordinador operativo de la Polic\u00eda Municipal.<\/p>\n\n\n\n<p>Estas denuncias se encuentran debidamente conjuntadas en tres carpetas de investigaci\u00f3n que realiza el Tribunal de Justicia Administrativa del Estado de Veracruz (TRIJAEV).<\/p>\n\n\n\n<p>&#8220;Una vez que se inicia con estas carpetas Derechos Humanos interviene en el procedimiento por la gravedad de la situaci\u00f3n, y Derechos Humanos no solicita que quedemos hecho en cuesti\u00f3n al procedimiento qu\u00e9 nos corresponde a nosotros como instituci\u00f3n policial, de tal manera que nosotros informamos a Derechos Humanos que los elementos hab\u00edan sido suspendidos y Derechos Humanos efectivamente nos dice que hab\u00eda que dar una medida cautelar a esos elementos y suspenderlos, para proteger a las compa\u00f1eras que segu\u00edan en el servicio&#8221;, culmin\u00f3.<\/p>\n","protected":false},"excerpt":{"rendered":"<p>Alejandro \u00c1vila Veracruz, Ver.- En este 2023 la Polic\u00eda Municipal de Medellin de Bravo dio de baja a 3 elementos; 2 de ellos por presunto acoso sexual y, uno m\u00e1s, por no acreditar los examenes de control y confianza. Amado Serrano Canales, coordinador administrativo de la Polic\u00eda de Medell\u00edn de Bravo, mencion\u00f3 que al momento [&hellip;]<\/p>\n","protected":false},"author":2476,"featured_media":48542,"comment_status":"open","ping_status":"open","sticky":false,"template":"","format":"standard","meta":{"_jetpack_memberships_contains_paid_content":false,"footnotes":""},"categories":[2],"tags":[],"class_list":["post-48541","post","type-post","status-publish","format-standard","has-post-thumbnail","hentry","category-estado"],"jetpack_featured_media_url":"https:\/\/encuentroinformativo.com.mx\/wp-content\/uploads\/2023\/12\/IMG-20231214-WA00332.jpg","jetpack_sharing_enabled":true,"jetpack_likes_enabled":true,"amp_enabled":true,"_links":{"self":[{"href":"https:\/\/encuentroinformativo.com.mx\/index.php?rest_route=\/wp\/v2\/posts\/48541","targetHints":{"allow":["GET"]}}],"collection":[{"href":"https:\/\/encuentroinformativo.com.mx\/index.php?rest_route=\/wp\/v2\/posts"}],"about":[{"href":"https:\/\/encuentroinformativo.com.mx\/index.php?rest_route=\/wp\/v2\/types\/post"}],"author":[{"embeddable":true,"href":"https:\/\/encuentroinformativo.com.mx\/index.php?rest_route=\/wp\/v2\/users\/2476"}],"replies":[{"embeddable":true,"href":"https:\/\/encuentroinformativo.com.mx\/index.php?rest_route=%2Fwp%2Fv2%2Fcomments&post=48541"}],"version-history":[{"count":1,"href":"https:\/\/encuentroinformativo.com.mx\/index.php?rest_route=\/wp\/v2\/posts\/48541\/revisions"}],"predecessor-version":[{"id":48543,"href":"https:\/\/encuentroinformativo.com.mx\/index.php?rest_route=\/wp\/v2\/posts\/48541\/revisions\/48543"}],"wp:featuredmedia":[{"embeddable":true,"href":"https:\/\/encuentroinformativo.com.mx\/index.php?rest_route=\/wp\/v2\/media\/48542"}],"wp:attachment":[{"href":"https:\/\/encuentroinformativo.com.mx\/index.php?rest_route=%2Fwp%2Fv2%2Fmedia&parent=48541"}],"wp:term":[{"taxonomy":"category","embeddable":true,"href":"https:\/\/encuentroinformativo.com.mx\/index.php?rest_route=%2Fwp%2Fv2%2Fcategories&post=48541"},{"taxonomy":"post_tag","embeddable":true,"href":"https:\/\/encuentroinformativo.com.mx\/index.php?rest_route=%2Fwp%2Fv2%2Ftags&post=48541"}],"curies":[{"name":"wp","href":"https:\/\/api.w.org\/{rel}","templated":true}]}}