{"id":48547,"date":"2023-12-14T13:52:09","date_gmt":"2023-12-14T19:52:09","guid":{"rendered":"https:\/\/encuentroinformativo.com.mx\/?p=48547"},"modified":"2023-12-14T13:52:14","modified_gmt":"2023-12-14T19:52:14","slug":"en-el-pan-no-se-negocia-por-votos-en-senado-afirma-rementeria","status":"publish","type":"post","link":"https:\/\/encuentroinformativo.com.mx\/?p=48547","title":{"rendered":"En el PAN no se negoc\u00eda por votos en Senado, afirma  Rementer\u00eda"},"content":{"rendered":"\n<p><strong>Alejandro \u00c1vila<\/strong><\/p>\n\n\n\n<p>Veracruz, Ver.- Al referirse a la situaci\u00f3n por la que atraviesa el Tribunal Electoral del Poder Judicial de la Federaci\u00f3n (TEPJF), el coordinador de las y los senadores del Partido Acci\u00f3n Nacional (PAN), Julen Rementer\u00eda del Puerto, asegur\u00f3 que su bancada no se presta a simulaciones, ni a negociaciones por votos, como s\u00ed lo est\u00e1n haciendo otros actores pol\u00edticos.&nbsp;<\/p>\n\n\n\n<p>\u201cNo se acepta, bajo ninguna circunstancia, que el PAN y sus integrantes hayamos retrasado nunca estos nombramientos, al contrario, los hemos venido pidiendo, tanto p\u00fablicamente como en privado, y hay pruebas de ello\u201d, apunt\u00f3.<\/p>\n\n\n\n<p>El senador veracruzano recrimin\u00f3 que otros actores pol\u00edticos hoy est\u00e1n descalificando al decir que se ocupa capital pol\u00edtico y los votos en el Senado de la Rep\u00fablica en aras de priorizar su rentabilidad pol\u00edtica, antes que buscar fortalecer la democracia y votar pensando en los mexicanos.<\/p>\n\n\n\n<p>\u201cUna cosa es el Tribunal, otra cosa es lo que est\u00e1 sucediendo con el Tribunal, que por supuesto a nadie nos agrada; no dejo de lado la importancia que tiene el Tribunal, que le debemos de dar, porque va a calificar la elecci\u00f3n m\u00e1s importante, la m\u00e1s grande de este pa\u00eds el a\u00f1o que entra. Ahora bien, \u00bfqu\u00e9 es lo que hay en medio? Que sucedi\u00f3 el cap\u00edtulo Nuevo Le\u00f3n, eso es lo que est\u00e1 en medio, porque desde el 17 de octubre se aprobaron en comisiones la posibilidad de elegir a quienes deban de suplir la sala superior, pero hasta que no ocurri\u00f3 lo que la ley dice, aunque no les guste a unos y a otros pues resulta que como no les gust\u00f3 a quien el Congreso de Nuevo Le\u00f3n puso, explotaron y empezaron a descalificar todo y empezaron a descubrirse sus acuerdos, ah\u00ed s\u00ed, entre unos y a otros, los de all\u00e1 y los de ac\u00e1\u201d, declar\u00f3.<\/p>\n\n\n\n<p>El legislador veracruzano, indic\u00f3 que esto no le gust\u00f3 al Partido de Movimiento Ciudadano, y por eso la andanada de descalificaciones y denostaciones contra quienes integran la oposici\u00f3n.<\/p>\n\n\n\n<p>\u201cEso no gust\u00f3 y entonces pues lo que dice, \u2018vamos a hacer toda una mescolanza, a ver si intentando embarrar a todos salimos todos igual\u2019. Pues no, primero, no se acepta bajo ninguna circunstancia que el PAN y los integrantes del PAN hayamos retrasado nunca estos nombramientos. Son otros los que de repente, m\u00e1gicamente, cuando no hab\u00eda acuerdos, cuando sucede el cap\u00edtulo Nuevo Le\u00f3n le echan la culpa a quienes no la tienen, porque quienes la tienen es quien no conocen o quien pretenden desconocer la ley y que nombren a su tapadera de gobernador, pues resulta que entonces se enojan, empiezan a descalificar, empiezan a lanzar se\u00f1alamientos a diestra y siniestra, levantando falsos que por supuesto no pueden comprobar, y el resultado ah\u00ed lo tenemos; nosotros siempre hemos ido en favor de M\u00e9xico\u201d, refiri\u00f3.<\/p>\n\n\n\n<p>Rementer\u00eda del Puerto se\u00f1al\u00f3 que quieren denostar a legisladores y miembros del Partido Acci\u00f3n Nacional, y el resto de los partidos, los cuales han trabajado con congruencia, exigiendo los nombramientos que hacen falta, as\u00ed como defendiendo a cada una de las instituciones que este gobierno pretende desaparecer.<\/p>\n","protected":false},"excerpt":{"rendered":"<p>Alejandro \u00c1vila Veracruz, Ver.- Al referirse a la situaci\u00f3n por la que atraviesa el Tribunal Electoral del Poder Judicial de la Federaci\u00f3n (TEPJF), el coordinador de las y los senadores del Partido Acci\u00f3n Nacional (PAN), Julen Rementer\u00eda del Puerto, asegur\u00f3 que su bancada no se presta a simulaciones, ni a negociaciones por votos, como s\u00ed [&hellip;]<\/p>\n","protected":false},"author":2476,"featured_media":48548,"comment_status":"open","ping_status":"open","sticky":false,"template":"","format":"standard","meta":{"_jetpack_memberships_contains_paid_content":false,"footnotes":""},"categories":[12],"tags":[],"class_list":["post-48547","post","type-post","status-publish","format-standard","has-post-thumbnail","hentry","category-nacional"],"jetpack_featured_media_url":"https:\/\/encuentroinformativo.com.mx\/wp-content\/uploads\/2023\/12\/IMG-20231214-WA0035.jpg","jetpack_sharing_enabled":true,"jetpack_likes_enabled":true,"amp_enabled":true,"_links":{"self":[{"href":"https:\/\/encuentroinformativo.com.mx\/index.php?rest_route=\/wp\/v2\/posts\/48547","targetHints":{"allow":["GET"]}}],"collection":[{"href":"https:\/\/encuentroinformativo.com.mx\/index.php?rest_route=\/wp\/v2\/posts"}],"about":[{"href":"https:\/\/encuentroinformativo.com.mx\/index.php?rest_route=\/wp\/v2\/types\/post"}],"author":[{"embeddable":true,"href":"https:\/\/encuentroinformativo.com.mx\/index.php?rest_route=\/wp\/v2\/users\/2476"}],"replies":[{"embeddable":true,"href":"https:\/\/encuentroinformativo.com.mx\/index.php?rest_route=%2Fwp%2Fv2%2Fcomments&post=48547"}],"version-history":[{"count":1,"href":"https:\/\/encuentroinformativo.com.mx\/index.php?rest_route=\/wp\/v2\/posts\/48547\/revisions"}],"predecessor-version":[{"id":48549,"href":"https:\/\/encuentroinformativo.com.mx\/index.php?rest_route=\/wp\/v2\/posts\/48547\/revisions\/48549"}],"wp:featuredmedia":[{"embeddable":true,"href":"https:\/\/encuentroinformativo.com.mx\/index.php?rest_route=\/wp\/v2\/media\/48548"}],"wp:attachment":[{"href":"https:\/\/encuentroinformativo.com.mx\/index.php?rest_route=%2Fwp%2Fv2%2Fmedia&parent=48547"}],"wp:term":[{"taxonomy":"category","embeddable":true,"href":"https:\/\/encuentroinformativo.com.mx\/index.php?rest_route=%2Fwp%2Fv2%2Fcategories&post=48547"},{"taxonomy":"post_tag","embeddable":true,"href":"https:\/\/encuentroinformativo.com.mx\/index.php?rest_route=%2Fwp%2Fv2%2Ftags&post=48547"}],"curies":[{"name":"wp","href":"https:\/\/api.w.org\/{rel}","templated":true}]}}