{"id":48550,"date":"2023-12-14T13:54:48","date_gmt":"2023-12-14T19:54:48","guid":{"rendered":"https:\/\/encuentroinformativo.com.mx\/?p=48550"},"modified":"2023-12-14T13:56:04","modified_gmt":"2023-12-14T19:56:04","slug":"gira-de-yuri-cristian-castro-visitara-veracruz","status":"publish","type":"post","link":"https:\/\/encuentroinformativo.com.mx\/?p=48550","title":{"rendered":"Gira de Yuri &#038; Cristian Castro visitar\u00e1 Veracruz"},"content":{"rendered":"\n<p><strong>Alejandro \u00c1vila<\/strong><\/p>\n\n\n\n<p>Veracruz, Ver.- El pr\u00f3ximo 15 de junio del 2024 dentro de la gira &#8220;Unidos en el Escenario Tour&#8221;, la veracruzana Yuri se unir\u00e1 con Cristian Castro para un concierto en el World Trade Center de Boca del R\u00edo.<\/p>\n\n\n\n<p>Dicha gira iniciar\u00e1 en el mes de febrero en el Auditorio Nacional de la Ciudad de M\u00e9xico, se extender\u00e1 por toda la rep\u00fablica mexicana y parte de los Estados Unidos.<\/p>\n\n\n\n<p>Los boletos del resto de la gira estar\u00e1n disponibles en la Gran Venta HSBC el pr\u00f3ximo 15 y 16 de diciembre a partir de las 11 AM, mientras que el 18 de diciembre estar\u00e1n a la venta general en las taquillas del inmueble o a trav\u00e9s Ticketmaster as\u00ed como en Eticket.&nbsp;<\/p>\n\n\n\n<p>Yuri a lo largo de su carrera ha experimentado con diversos g\u00e9neros que van desde el pop hasta la m\u00fasica regional mexicana, lo que le ha permitido atraer a una audiencia diversa. \u201cMaldita Primavera\u201d, \u201cEl \u00daltimo Adi\u00f3s\u201d y \u201cDetr\u00e1s de mi Ventana\u201d son solo algunos ejemplos de canciones que han escalado las listas de popularidad.<\/p>\n\n\n\n<p>Por otro lado, Cristian Castro, conocido por sus baladas rom\u00e1nticas y su estilo \u00fanico, ha cautivado a audiencias de todas las edades por sus letras profundas, pero tambi\u00e9n porque ha incursionado en diversos estilos; como el ranchero, bolero, y el rock, mismos que han resonado en millones de fans alrededor del mundo. Canciones como \u201cPor Amarte As\u00ed\u201d, \u201cNunca Voy al Olvidarte\u201d y \u201cAzul\u201d se han convertido en temas atemporales.<\/p>\n\n\n\n<p>\u201cVu\u00e9lveme a Querer\u201d es un conmovedor dueto entre Yuri y Cristian Castro que ha dejado una huella imborrable en la m\u00fasica latina. Este tema combina la potente voz de ambos artistas, creando una experiencia musical, aunque sus repertorios musicales abarcan una serie de grandes \u00e9xitos que ser\u00e1n parte de la gira.<\/p>\n","protected":false},"excerpt":{"rendered":"<p>Alejandro \u00c1vila Veracruz, Ver.- El pr\u00f3ximo 15 de junio del 2024 dentro de la gira &#8220;Unidos en el Escenario Tour&#8221;, la veracruzana Yuri se unir\u00e1 con Cristian Castro para un concierto en el World Trade Center de Boca del R\u00edo. Dicha gira iniciar\u00e1 en el mes de febrero en el Auditorio Nacional de la Ciudad [&hellip;]<\/p>\n","protected":false},"author":2476,"featured_media":48553,"comment_status":"open","ping_status":"open","sticky":false,"template":"","format":"standard","meta":{"_jetpack_memberships_contains_paid_content":false,"footnotes":""},"categories":[2],"tags":[],"class_list":["post-48550","post","type-post","status-publish","format-standard","has-post-thumbnail","hentry","category-estado"],"jetpack_featured_media_url":"https:\/\/encuentroinformativo.com.mx\/wp-content\/uploads\/2023\/12\/IMG-20231214-WA00342.jpg","jetpack_sharing_enabled":true,"jetpack_likes_enabled":true,"amp_enabled":true,"_links":{"self":[{"href":"https:\/\/encuentroinformativo.com.mx\/index.php?rest_route=\/wp\/v2\/posts\/48550","targetHints":{"allow":["GET"]}}],"collection":[{"href":"https:\/\/encuentroinformativo.com.mx\/index.php?rest_route=\/wp\/v2\/posts"}],"about":[{"href":"https:\/\/encuentroinformativo.com.mx\/index.php?rest_route=\/wp\/v2\/types\/post"}],"author":[{"embeddable":true,"href":"https:\/\/encuentroinformativo.com.mx\/index.php?rest_route=\/wp\/v2\/users\/2476"}],"replies":[{"embeddable":true,"href":"https:\/\/encuentroinformativo.com.mx\/index.php?rest_route=%2Fwp%2Fv2%2Fcomments&post=48550"}],"version-history":[{"count":1,"href":"https:\/\/encuentroinformativo.com.mx\/index.php?rest_route=\/wp\/v2\/posts\/48550\/revisions"}],"predecessor-version":[{"id":48552,"href":"https:\/\/encuentroinformativo.com.mx\/index.php?rest_route=\/wp\/v2\/posts\/48550\/revisions\/48552"}],"wp:featuredmedia":[{"embeddable":true,"href":"https:\/\/encuentroinformativo.com.mx\/index.php?rest_route=\/wp\/v2\/media\/48553"}],"wp:attachment":[{"href":"https:\/\/encuentroinformativo.com.mx\/index.php?rest_route=%2Fwp%2Fv2%2Fmedia&parent=48550"}],"wp:term":[{"taxonomy":"category","embeddable":true,"href":"https:\/\/encuentroinformativo.com.mx\/index.php?rest_route=%2Fwp%2Fv2%2Fcategories&post=48550"},{"taxonomy":"post_tag","embeddable":true,"href":"https:\/\/encuentroinformativo.com.mx\/index.php?rest_route=%2Fwp%2Fv2%2Ftags&post=48550"}],"curies":[{"name":"wp","href":"https:\/\/api.w.org\/{rel}","templated":true}]}}