{"id":48563,"date":"2023-12-14T15:21:31","date_gmt":"2023-12-14T21:21:31","guid":{"rendered":"https:\/\/encuentroinformativo.com.mx\/?p=48563"},"modified":"2023-12-14T15:21:34","modified_gmt":"2023-12-14T21:21:34","slug":"coordina-ssp-el-cumplimiento-de-645-sesiones-de-consejos-de-seguridad-publica-municipal","status":"publish","type":"post","link":"https:\/\/encuentroinformativo.com.mx\/?p=48563","title":{"rendered":"Coordina SSP el cumplimiento de 645 sesiones de Consejos de Seguridad P\u00fablica Municipal"},"content":{"rendered":"\n<p>Xalapa Ver.- La SESCESP, a trav\u00e9s de la Coordinaci\u00f3n de Vinculaci\u00f3n con Consejos Municipales de Seguridad Publica y Comit\u00e9s de Participaci\u00f3n Ciudadana, promovieron la instalaci\u00f3n de los Consejos de Seguridad P\u00fablica Municipal y Comit\u00e9s de Participaci\u00f3n Ciudadana, integrados por autoridades municipales y miembros activos de la sociedad civil, en los 212 municipios.<\/p>\n\n\n\n<p>En el marco de dichas sesiones, los Comit\u00e9s exponen planteamientos a sus respectivos Consejos, en temas relacionados con prevenci\u00f3n de la violencia y la delincuencia, vigilancia y seguridad preventiva; formulando propuestas para el dise\u00f1o de pol\u00edticas p\u00fablicas y acciones para mejorar la seguridad p\u00fablica.<\/p>\n\n\n\n<p>De igual forma se dio seguimiento a las sesiones ordinarias y extraordinarias, corroborando se lleven a cabo los acuerdos que se formulen.<\/p>\n\n\n\n<p>En el presente a\u00f1o, la Coordinaci\u00f3n asisti\u00f3 a 195 municipios para llevar a cabo las sesiones ordinarias que se realizan de manera bimestral.<\/p>\n\n\n\n<p>En total, se apoy\u00f3 para que se realizar\u00e1n 645 sesiones a lo largo de todo el territorio veracruzano.<\/p>\n","protected":false},"excerpt":{"rendered":"<p>Xalapa Ver.- La SESCESP, a trav\u00e9s de la Coordinaci\u00f3n de Vinculaci\u00f3n con Consejos Municipales de Seguridad Publica y Comit\u00e9s de Participaci\u00f3n Ciudadana, promovieron la instalaci\u00f3n de los Consejos de Seguridad P\u00fablica Municipal y Comit\u00e9s de Participaci\u00f3n Ciudadana, integrados por autoridades municipales y miembros activos de la sociedad civil, en los 212 municipios. En el marco [&hellip;]<\/p>\n","protected":false},"author":2476,"featured_media":48564,"comment_status":"open","ping_status":"open","sticky":false,"template":"","format":"standard","meta":{"_jetpack_memberships_contains_paid_content":false,"footnotes":""},"categories":[2],"tags":[],"class_list":["post-48563","post","type-post","status-publish","format-standard","has-post-thumbnail","hentry","category-estado"],"jetpack_featured_media_url":"https:\/\/encuentroinformativo.com.mx\/wp-content\/uploads\/2023\/12\/IMG-20231214-WA00632.jpg","jetpack_sharing_enabled":true,"jetpack_likes_enabled":true,"amp_enabled":true,"_links":{"self":[{"href":"https:\/\/encuentroinformativo.com.mx\/index.php?rest_route=\/wp\/v2\/posts\/48563","targetHints":{"allow":["GET"]}}],"collection":[{"href":"https:\/\/encuentroinformativo.com.mx\/index.php?rest_route=\/wp\/v2\/posts"}],"about":[{"href":"https:\/\/encuentroinformativo.com.mx\/index.php?rest_route=\/wp\/v2\/types\/post"}],"author":[{"embeddable":true,"href":"https:\/\/encuentroinformativo.com.mx\/index.php?rest_route=\/wp\/v2\/users\/2476"}],"replies":[{"embeddable":true,"href":"https:\/\/encuentroinformativo.com.mx\/index.php?rest_route=%2Fwp%2Fv2%2Fcomments&post=48563"}],"version-history":[{"count":1,"href":"https:\/\/encuentroinformativo.com.mx\/index.php?rest_route=\/wp\/v2\/posts\/48563\/revisions"}],"predecessor-version":[{"id":48565,"href":"https:\/\/encuentroinformativo.com.mx\/index.php?rest_route=\/wp\/v2\/posts\/48563\/revisions\/48565"}],"wp:featuredmedia":[{"embeddable":true,"href":"https:\/\/encuentroinformativo.com.mx\/index.php?rest_route=\/wp\/v2\/media\/48564"}],"wp:attachment":[{"href":"https:\/\/encuentroinformativo.com.mx\/index.php?rest_route=%2Fwp%2Fv2%2Fmedia&parent=48563"}],"wp:term":[{"taxonomy":"category","embeddable":true,"href":"https:\/\/encuentroinformativo.com.mx\/index.php?rest_route=%2Fwp%2Fv2%2Fcategories&post=48563"},{"taxonomy":"post_tag","embeddable":true,"href":"https:\/\/encuentroinformativo.com.mx\/index.php?rest_route=%2Fwp%2Fv2%2Ftags&post=48563"}],"curies":[{"name":"wp","href":"https:\/\/api.w.org\/{rel}","templated":true}]}}