{"id":48566,"date":"2023-12-14T15:55:36","date_gmt":"2023-12-14T21:55:36","guid":{"rendered":"https:\/\/encuentroinformativo.com.mx\/?p=48566"},"modified":"2023-12-14T15:55:43","modified_gmt":"2023-12-14T21:55:43","slug":"error-en-procedimiento-afecto-pago-de-aguinaldos-en-la-uv-reconoce-martin-aguilar","status":"publish","type":"post","link":"https:\/\/encuentroinformativo.com.mx\/?p=48566","title":{"rendered":"Error en procedimiento afect\u00f3 pago de aguinaldos en la UV, reconoce Mart\u00edn Aguilar"},"content":{"rendered":"\n<p><strong>Dar\u00edo Pale <\/strong><\/p>\n\n\n\n<p>Xalapa, Ver.- El error de un procedimiento alter\u00f3 el pago de aguinaldos entre los trabajadores y docentes de la m\u00e1xima casa de estudios, as\u00ed lo reconoci\u00f3 el rector de la Universidad Veracruzana, Mart\u00edn Aguilar S\u00e1nchez.<\/p>\n\n\n\n<p>En entrevista se\u00f1al\u00f3 que, \u201choy se termina de pagar todo, no es un problema de fondos sino hubo por ah\u00ed un error en el procedimiento en alguna regi\u00f3n y ese ha sido el problema\u201d.<\/p>\n\n\n\n<p>A pesar de que esta situaci\u00f3n provoc\u00f3 que parte del personal decidiera manifestarse y parar labores de manera temporal, Aguilar S\u00e1nchez record\u00f3 que el periodo vacacional para la UV comenzar\u00e1 hasta este viernes 15 de diciembre.<\/p>\n\n\n\n<p>A su vez, adelant\u00f3 que en enero comenzar\u00e1n las negociaciones con todos los sindicatos, mismos que como cada a\u00f1o amagan con emprender acciones en caso de no ver mejoradas sus condiciones salariales.<\/p>\n\n\n\n<p>Finalmente se\u00f1al\u00f3 que, \u201cya comenzamos reuniones con el FESAPAUV, estamos iniciando pl\u00e1ticas con el SETSUV para ir previniendo y podamos tener una buena negociaci\u00f3n\u201d.<\/p>\n","protected":false},"excerpt":{"rendered":"<p>Dar\u00edo Pale Xalapa, Ver.- El error de un procedimiento alter\u00f3 el pago de aguinaldos entre los trabajadores y docentes de la m\u00e1xima casa de estudios, as\u00ed lo reconoci\u00f3 el rector de la Universidad Veracruzana, Mart\u00edn Aguilar S\u00e1nchez. En entrevista se\u00f1al\u00f3 que, \u201choy se termina de pagar todo, no es un problema de fondos sino hubo [&hellip;]<\/p>\n","protected":false},"author":2476,"featured_media":7328,"comment_status":"open","ping_status":"open","sticky":false,"template":"","format":"standard","meta":{"_jetpack_memberships_contains_paid_content":false,"footnotes":""},"categories":[2],"tags":[],"class_list":["post-48566","post","type-post","status-publish","format-standard","has-post-thumbnail","hentry","category-estado"],"jetpack_featured_media_url":"https:\/\/encuentroinformativo.com.mx\/wp-content\/uploads\/2020\/10\/9C3295FF-6B9F-428A-B14E-E5CBFD2703A8.jpeg","jetpack_sharing_enabled":true,"jetpack_likes_enabled":true,"amp_enabled":true,"_links":{"self":[{"href":"https:\/\/encuentroinformativo.com.mx\/index.php?rest_route=\/wp\/v2\/posts\/48566","targetHints":{"allow":["GET"]}}],"collection":[{"href":"https:\/\/encuentroinformativo.com.mx\/index.php?rest_route=\/wp\/v2\/posts"}],"about":[{"href":"https:\/\/encuentroinformativo.com.mx\/index.php?rest_route=\/wp\/v2\/types\/post"}],"author":[{"embeddable":true,"href":"https:\/\/encuentroinformativo.com.mx\/index.php?rest_route=\/wp\/v2\/users\/2476"}],"replies":[{"embeddable":true,"href":"https:\/\/encuentroinformativo.com.mx\/index.php?rest_route=%2Fwp%2Fv2%2Fcomments&post=48566"}],"version-history":[{"count":1,"href":"https:\/\/encuentroinformativo.com.mx\/index.php?rest_route=\/wp\/v2\/posts\/48566\/revisions"}],"predecessor-version":[{"id":48567,"href":"https:\/\/encuentroinformativo.com.mx\/index.php?rest_route=\/wp\/v2\/posts\/48566\/revisions\/48567"}],"wp:featuredmedia":[{"embeddable":true,"href":"https:\/\/encuentroinformativo.com.mx\/index.php?rest_route=\/wp\/v2\/media\/7328"}],"wp:attachment":[{"href":"https:\/\/encuentroinformativo.com.mx\/index.php?rest_route=%2Fwp%2Fv2%2Fmedia&parent=48566"}],"wp:term":[{"taxonomy":"category","embeddable":true,"href":"https:\/\/encuentroinformativo.com.mx\/index.php?rest_route=%2Fwp%2Fv2%2Fcategories&post=48566"},{"taxonomy":"post_tag","embeddable":true,"href":"https:\/\/encuentroinformativo.com.mx\/index.php?rest_route=%2Fwp%2Fv2%2Ftags&post=48566"}],"curies":[{"name":"wp","href":"https:\/\/api.w.org\/{rel}","templated":true}]}}