{"id":48568,"date":"2023-12-14T18:23:10","date_gmt":"2023-12-15T00:23:10","guid":{"rendered":"https:\/\/encuentroinformativo.com.mx\/?p=48568"},"modified":"2023-12-14T18:23:15","modified_gmt":"2023-12-15T00:23:15","slug":"ivai-entrego-informe-de-actividades-al-congreso-del-estado","status":"publish","type":"post","link":"https:\/\/encuentroinformativo.com.mx\/?p=48568","title":{"rendered":"IVAI entreg\u00f3 Informe de Actividades al Congreso del Estado"},"content":{"rendered":"\n<p>Xalapa, Ver.- El Pleno del Instituto Veracruzano de Acceso a la Informaci\u00f3n y Protecci\u00f3n de Datos Personales (IVAI) entreg\u00f3 el Informe de Actividades 2023 al Congreso del Estado, con lo que se rinde cuentas ante las y los veracruzanos.<\/p>\n\n\n\n<p>El documento contiene 12 cap\u00edtulos en los que se detallan las acciones realizadas por este Instituto dentro de su competencia legal, as\u00ed como estad\u00edsticas y metas alcanzadas en el \u00faltimo a\u00f1o.<\/p>\n\n\n\n<p>Como lo mandata el Art\u00edculo 67 de la Constituci\u00f3n local, dentro de los primeros 15 d\u00edas del mes de diciembre se entreg\u00f3 el compendio de las acciones y de los acuerdos emitidos para resolver las quejas de la ciudadan\u00eda.<\/p>\n\n\n\n<p>Es de destacarse que el IVAI se ha caracterizado por su labor en la promoci\u00f3n de la cultura de transparencia y protecci\u00f3n de datos personales mediante capacitaciones constantes, es por ello que se busca contar con la certificaci\u00f3n como ente garante.<\/p>\n\n\n\n<p>En el periodo que se informa, el IVAI plante\u00f3 migrar de PAA a PbR para contar con una herramienta de valuaci\u00f3n m\u00e1s certera para el apoyo en la toma de decisiones presupuestarias orientadas a mejorar las condiciones sociales, econ\u00f3micas, y ambientales en honradez de los recursos p\u00fablicos.<\/p>\n\n\n\n<p>El Informe detalla que las acciones integrales, coherentes y articuladas han favorecido la construcci\u00f3n de una cultura de transparencia y protecci\u00f3n de datos personales para la ciudadan\u00eda veracruzana, esto no quiere decir que todo est\u00e1 hecho, sino que se debe continuar con los trabajos encaminados a la mejora del Instituto, de manera interna y externa.<\/p>\n\n\n\n<p>El Comisionado Presidente del Instituto Veracruzano de Acceso a la Informaci\u00f3n y Protecci\u00f3n de Datos Personales, David Agust\u00edn Jim\u00e9nez Rojas, acompa\u00f1ado de la Comisionada Naldy Patricia Rodr\u00edguez Lagunes y el Comisionado Jos\u00e9 Alfredo Corona Liz\u00e1rraga, entreg\u00f3 el Informe a la Presidenta de la Mesa Directiva del Congreso del Estado, Adriana Esther Mart\u00ednez S\u00e1nchez, quien reconoci\u00f3 el esfuerzo y trabajo de los organismos aut\u00f3nomos.<\/p>\n\n\n\n<p>Tambi\u00e9n se hizo la entrega del Informe de Labores a las y los diputados Lidia Irma Mezhua Campos, Ver\u00f3nica Pulido Herrera, Juan Javier G\u00f3mez Cazar\u00edn y Marco Antonio Mart\u00ednez Amador, integrantes de la Comisi\u00f3n Permanente de Transparencia, Acceso a la Informaci\u00f3n y Parlamento Abierto.<\/p>\n","protected":false},"excerpt":{"rendered":"<p>Xalapa, Ver.- El Pleno del Instituto Veracruzano de Acceso a la Informaci\u00f3n y Protecci\u00f3n de Datos Personales (IVAI) entreg\u00f3 el Informe de Actividades 2023 al Congreso del Estado, con lo que se rinde cuentas ante las y los veracruzanos. El documento contiene 12 cap\u00edtulos en los que se detallan las acciones realizadas por este Instituto [&hellip;]<\/p>\n","protected":false},"author":2476,"featured_media":48569,"comment_status":"open","ping_status":"open","sticky":false,"template":"","format":"standard","meta":{"_jetpack_memberships_contains_paid_content":false,"footnotes":""},"categories":[2],"tags":[],"class_list":["post-48568","post","type-post","status-publish","format-standard","has-post-thumbnail","hentry","category-estado"],"jetpack_featured_media_url":"https:\/\/encuentroinformativo.com.mx\/wp-content\/uploads\/2023\/12\/IMG-20231214-WA0111.jpg","jetpack_sharing_enabled":true,"jetpack_likes_enabled":true,"amp_enabled":true,"_links":{"self":[{"href":"https:\/\/encuentroinformativo.com.mx\/index.php?rest_route=\/wp\/v2\/posts\/48568","targetHints":{"allow":["GET"]}}],"collection":[{"href":"https:\/\/encuentroinformativo.com.mx\/index.php?rest_route=\/wp\/v2\/posts"}],"about":[{"href":"https:\/\/encuentroinformativo.com.mx\/index.php?rest_route=\/wp\/v2\/types\/post"}],"author":[{"embeddable":true,"href":"https:\/\/encuentroinformativo.com.mx\/index.php?rest_route=\/wp\/v2\/users\/2476"}],"replies":[{"embeddable":true,"href":"https:\/\/encuentroinformativo.com.mx\/index.php?rest_route=%2Fwp%2Fv2%2Fcomments&post=48568"}],"version-history":[{"count":1,"href":"https:\/\/encuentroinformativo.com.mx\/index.php?rest_route=\/wp\/v2\/posts\/48568\/revisions"}],"predecessor-version":[{"id":48570,"href":"https:\/\/encuentroinformativo.com.mx\/index.php?rest_route=\/wp\/v2\/posts\/48568\/revisions\/48570"}],"wp:featuredmedia":[{"embeddable":true,"href":"https:\/\/encuentroinformativo.com.mx\/index.php?rest_route=\/wp\/v2\/media\/48569"}],"wp:attachment":[{"href":"https:\/\/encuentroinformativo.com.mx\/index.php?rest_route=%2Fwp%2Fv2%2Fmedia&parent=48568"}],"wp:term":[{"taxonomy":"category","embeddable":true,"href":"https:\/\/encuentroinformativo.com.mx\/index.php?rest_route=%2Fwp%2Fv2%2Fcategories&post=48568"},{"taxonomy":"post_tag","embeddable":true,"href":"https:\/\/encuentroinformativo.com.mx\/index.php?rest_route=%2Fwp%2Fv2%2Ftags&post=48568"}],"curies":[{"name":"wp","href":"https:\/\/api.w.org\/{rel}","templated":true}]}}