{"id":48580,"date":"2023-12-15T11:33:51","date_gmt":"2023-12-15T17:33:51","guid":{"rendered":"https:\/\/encuentroinformativo.com.mx\/?p=48580"},"modified":"2023-12-15T11:34:44","modified_gmt":"2023-12-15T17:34:44","slug":"regresan-los-angeles-negros-a-veracruz","status":"publish","type":"post","link":"https:\/\/encuentroinformativo.com.mx\/?p=48580","title":{"rendered":"Regresan los \u00c1ngeles Negros a Veracruz"},"content":{"rendered":"\n<p><strong>Alejandro \u00c1vila<\/strong><\/p>\n\n\n\n<p>Veracruz, Ver.- La agrupaci\u00f3n chilena, Los \u00c1ngeles Negros, visitar\u00e1n Veracruz el pr\u00f3ximo viernes 16 de febrero del 2024 para dar un concierto en el teatro de La Reforma, dentro de la gira \u201cGuitarra Suena Otra Vez\u201d.<\/p>\n\n\n\n<p>Con 55 a\u00f1os de carrera, Los \u00c1ngeles Negros visitar\u00e1n nuevamente Veracruz; cabe destacar que el grupo chileno tambi\u00e9n ha confirmado que est\u00e1 en ciernes la grabaci\u00f3n de un documental en torno a su historia que actualmente est\u00e1 en rodaje con algunas tomas que realizaron durante su pasada presentaci\u00f3n en el Auditorio Nacional, y que recoge diversos aspectos de su vida personal y profesional, a manera de homenaje al trabajo art\u00edstico creado a lo largo de los a\u00f1os por uno de los grupos m\u00e1s representativos de todos los tiempos.&nbsp;<\/p>\n\n\n\n<p>Asimismo, la agrupaci\u00f3n se encuentra preparando lo que ser\u00e1 el Museo de los \u00c1ngeles Negros que d\u00e9 a su p\u00fablico y fans la oportunidad de llegar a conocer aspectos importantes y su intimidad.&nbsp;<\/p>\n\n\n\n<p>Actualmente embarcados en una gira por M\u00e9xico que han dado en llamar \u201c55 a\u00f1os de \u00e9xitos\u201d y tras un exitoso disco precedente como fue \u201cMemoria del Alma\u201d que recibi\u00f3 excelentes cr\u00edticas, adem\u00e1s de lanzar \u201cEn vivo y sin etiqueta\u201d que recibi\u00f3 disco de oro y platino, el grupo est\u00e1 preparado para llevar a su p\u00fablico a una nueva etapa en su reconocido recorrido musical plagado de todos los \u00e9xitos de la agrupaci\u00f3n de origen chileno que ha llevado con plena dignidad y en total plenitud 55 a\u00f1os recorriendo los escenarios de todo el planeta.&nbsp;<\/p>\n\n\n\n<p>La trascendencia de la m\u00fasica de Los \u00c1ngeles Negros provoc\u00f3 que sus \u00e9xitos hayan sido grabados por grandes artistas como Raphael, Jos\u00e9 Luis Rodr\u00edguez, Vicky Carr, Altemar Dutra, Mar\u00eda Marta Serra Lima, Los Panchos, Jos\u00e9 Jos\u00e9, Lucero, Celia Cruz, Los Tigres del Norte, Los Broncos, Edith M\u00e1rquez, Olga Guillot, Jorge Mu\u00f1iz, Carlos Lico, Alberto V\u00e1zquez, El Gran Silencio, Caf\u00e9 Tacuba, Banda Maguey, Los Tetas, Los Bunkers, y un sin n\u00famero de otros importantes artistas latinos. En Estados Unidos, Los Beastie Boy\u00b4s, Jay Z y Damian Marley, por dar algunos ejemplos.<\/p>\n\n\n\n<p>Millones de discos vendidos en toda Am\u00e9rica, y ya con 37 discos de larga duraci\u00f3n en el bolsillo, su historia ha servido para convertirse en documentales.<\/p>\n\n\n\n<p>Por sus 43 a\u00f1os, adem\u00e1s, en San Carlos, Chile, su tierra natal, les brinda un tributo bautizando una plaza con su nombre: Los \u00c1ngeles Negros.<\/p>\n\n\n\n<p>\u00c1ngeles Negros es el ep\u00edteto de excelencia de un grupo incombustible que ha logrado alcanzar la madurez en plenitud y calidad tras m\u00e1s de cinco d\u00e9cadas de trayectoria y que exhibir\u00e1 una parte de ese enorme legado este Viernes 16 de Febrero de 2024 en punto de las seis de la tarde en el emblem\u00e1tico Teatro de la Reforma en Veracruz. Los boletos ya est\u00e1n disponibles a trav\u00e9s de la empresa E Ticket.<\/p>\n\n\n\n<figure class=\"wp-block-image size-large\"><img loading=\"lazy\" decoding=\"async\" width=\"1024\" height=\"1024\" src=\"https:\/\/encuentroinformativo.com.mx\/wp-content\/uploads\/2023\/12\/IMG-20231215-WA0015-1024x1024.jpg\" alt=\"\" class=\"wp-image-48581\" srcset=\"https:\/\/encuentroinformativo.com.mx\/wp-content\/uploads\/2023\/12\/IMG-20231215-WA0015-1024x1024.jpg 1024w, https:\/\/encuentroinformativo.com.mx\/wp-content\/uploads\/2023\/12\/IMG-20231215-WA0015-300x300.jpg 300w, https:\/\/encuentroinformativo.com.mx\/wp-content\/uploads\/2023\/12\/IMG-20231215-WA0015-150x150.jpg 150w, https:\/\/encuentroinformativo.com.mx\/wp-content\/uploads\/2023\/12\/IMG-20231215-WA0015-768x767.jpg 768w, https:\/\/encuentroinformativo.com.mx\/wp-content\/uploads\/2023\/12\/IMG-20231215-WA0015.jpg 1081w\" sizes=\"auto, (max-width: 1024px) 100vw, 1024px\" \/><\/figure>\n","protected":false},"excerpt":{"rendered":"<p>Alejandro \u00c1vila Veracruz, Ver.- La agrupaci\u00f3n chilena, Los \u00c1ngeles Negros, visitar\u00e1n Veracruz el pr\u00f3ximo viernes 16 de febrero del 2024 para dar un concierto en el teatro de La Reforma, dentro de la gira \u201cGuitarra Suena Otra Vez\u201d. Con 55 a\u00f1os de carrera, Los \u00c1ngeles Negros visitar\u00e1n nuevamente Veracruz; cabe destacar que el grupo chileno [&hellip;]<\/p>\n","protected":false},"author":2476,"featured_media":48581,"comment_status":"open","ping_status":"open","sticky":false,"template":"","format":"standard","meta":{"_jetpack_memberships_contains_paid_content":false,"footnotes":""},"categories":[2],"tags":[],"class_list":["post-48580","post","type-post","status-publish","format-standard","has-post-thumbnail","hentry","category-estado"],"jetpack_featured_media_url":"https:\/\/encuentroinformativo.com.mx\/wp-content\/uploads\/2023\/12\/IMG-20231215-WA0015.jpg","jetpack_sharing_enabled":true,"jetpack_likes_enabled":true,"amp_enabled":true,"_links":{"self":[{"href":"https:\/\/encuentroinformativo.com.mx\/index.php?rest_route=\/wp\/v2\/posts\/48580","targetHints":{"allow":["GET"]}}],"collection":[{"href":"https:\/\/encuentroinformativo.com.mx\/index.php?rest_route=\/wp\/v2\/posts"}],"about":[{"href":"https:\/\/encuentroinformativo.com.mx\/index.php?rest_route=\/wp\/v2\/types\/post"}],"author":[{"embeddable":true,"href":"https:\/\/encuentroinformativo.com.mx\/index.php?rest_route=\/wp\/v2\/users\/2476"}],"replies":[{"embeddable":true,"href":"https:\/\/encuentroinformativo.com.mx\/index.php?rest_route=%2Fwp%2Fv2%2Fcomments&post=48580"}],"version-history":[{"count":2,"href":"https:\/\/encuentroinformativo.com.mx\/index.php?rest_route=\/wp\/v2\/posts\/48580\/revisions"}],"predecessor-version":[{"id":48583,"href":"https:\/\/encuentroinformativo.com.mx\/index.php?rest_route=\/wp\/v2\/posts\/48580\/revisions\/48583"}],"wp:featuredmedia":[{"embeddable":true,"href":"https:\/\/encuentroinformativo.com.mx\/index.php?rest_route=\/wp\/v2\/media\/48581"}],"wp:attachment":[{"href":"https:\/\/encuentroinformativo.com.mx\/index.php?rest_route=%2Fwp%2Fv2%2Fmedia&parent=48580"}],"wp:term":[{"taxonomy":"category","embeddable":true,"href":"https:\/\/encuentroinformativo.com.mx\/index.php?rest_route=%2Fwp%2Fv2%2Fcategories&post=48580"},{"taxonomy":"post_tag","embeddable":true,"href":"https:\/\/encuentroinformativo.com.mx\/index.php?rest_route=%2Fwp%2Fv2%2Ftags&post=48580"}],"curies":[{"name":"wp","href":"https:\/\/api.w.org\/{rel}","templated":true}]}}