{"id":48590,"date":"2023-12-15T13:40:00","date_gmt":"2023-12-15T19:40:00","guid":{"rendered":"https:\/\/encuentroinformativo.com.mx\/?p=48590"},"modified":"2023-12-15T13:40:05","modified_gmt":"2023-12-15T19:40:05","slug":"pobladores-tramitaran-amparo-contra-gasoducto-por-zona-de-xalapa","status":"publish","type":"post","link":"https:\/\/encuentroinformativo.com.mx\/?p=48590","title":{"rendered":"Pobladores tramitar\u00e1n amparo contra gasoducto por zona de Xalapa"},"content":{"rendered":"\n<p><strong>Juan Arcos <\/strong><\/p>\n\n\n\n<p>Xalapa, Ver.- Pobladores de la regi\u00f3n capital de Veracruz se organizan para tramitar un nuevo amparo y as\u00ed evitar la introducci\u00f3n de un gasoducto por parte de la empresa Gas Natural del Noroeste.<\/p>\n\n\n\n<p>Durante los \u00faltimos d\u00edas se reactivaron los trabajos para ingresar la tuber\u00eda sobre la carretera federal Xalapa-Veracruz, a la altura de la localidad El Lencero y del Batall\u00f3n de Infanter\u00eda, en el municipio de Emiliano Zapata, una zona conurbada con la capital del estado.<\/p>\n\n\n\n<p>Durante un recorrido en la zona se constat\u00f3 que se llevan a cabo las maniobras sobre la importante v\u00eda de comunicaci\u00f3n, con direcci\u00f3n hacia la ciudad de Xalapa, frente a una gasolinera.<\/p>\n\n\n\n<p>De acuerdo con el presidente de la asociaci\u00f3n civil Frente Veracruzano Social (Frevesol), Carlos Hern\u00e1ndez Arriaga, el gobierno federal otorg\u00f3 las autorizaciones a la empresa mencionada para llevar a cabo la obra del gasoducto.<\/p>\n\n\n\n<p>El entrevistado record\u00f3 que en junio de 2017 se tramit\u00f3 un amparo con el n\u00famero de expediente 696\/2017 contra este proyecto y se hab\u00eda logrado una suspensi\u00f3n provisional, por lo que en ese entonces se detuvieron los trabajos.<\/p>\n\n\n\n<p>Sin embargo, las autoridades federales avalaron la obra y por ello recientemente se reactivaron las maniobras.<\/p>\n\n\n\n<p>El amparo fue promovido por el presidente de Frevesol, Carlos Hern\u00e1ndez Arriaga, ante el Juzgado D\u00e9cimo Quinto de Distrito en el Estado de Veracruz.<\/p>\n\n\n\n<p>La l\u00ednea de distribuci\u00f3n que inicia desde las instalaciones Petr\u00f3leos Mexicanos (Pemex) en La Tinaja, Emiliano Zapata, para dirigirse hacia la capital veracruzana y concluir en Coatepec. Es de aproximadamente 40 kil\u00f3metros.<\/p>\n\n\n\n<p>El trazo comienza sobre la carretera federal Xalapa-Veracruz y continuar\u00eda hacia la avenida Murillo Vidal para seguir con direcci\u00f3n a Circuito Presidentes y enlazarse con la comunidad de La Ordu\u00f1a, municipio de Coatepec.<\/p>\n\n\n\n<p>La gente se opone al proyecto porque solo beneficiar\u00eda con el abastecimiento de gas natural a las empresas transnacionales Nestl\u00e9 y Coca Cola, ubicadas en el Pueblo M\u00e1gico de Coatepec.<\/p>\n","protected":false},"excerpt":{"rendered":"<p>Juan Arcos Xalapa, Ver.- Pobladores de la regi\u00f3n capital de Veracruz se organizan para tramitar un nuevo amparo y as\u00ed evitar la introducci\u00f3n de un gasoducto por parte de la empresa Gas Natural del Noroeste. Durante los \u00faltimos d\u00edas se reactivaron los trabajos para ingresar la tuber\u00eda sobre la carretera federal Xalapa-Veracruz, a la altura [&hellip;]<\/p>\n","protected":false},"author":2476,"featured_media":48591,"comment_status":"open","ping_status":"open","sticky":false,"template":"","format":"standard","meta":{"_jetpack_memberships_contains_paid_content":false,"footnotes":""},"categories":[8],"tags":[],"class_list":["post-48590","post","type-post","status-publish","format-standard","has-post-thumbnail","hentry","category-region"],"jetpack_featured_media_url":"https:\/\/encuentroinformativo.com.mx\/wp-content\/uploads\/2023\/12\/IMG_3545.jpg","jetpack_sharing_enabled":true,"jetpack_likes_enabled":true,"amp_enabled":true,"_links":{"self":[{"href":"https:\/\/encuentroinformativo.com.mx\/index.php?rest_route=\/wp\/v2\/posts\/48590","targetHints":{"allow":["GET"]}}],"collection":[{"href":"https:\/\/encuentroinformativo.com.mx\/index.php?rest_route=\/wp\/v2\/posts"}],"about":[{"href":"https:\/\/encuentroinformativo.com.mx\/index.php?rest_route=\/wp\/v2\/types\/post"}],"author":[{"embeddable":true,"href":"https:\/\/encuentroinformativo.com.mx\/index.php?rest_route=\/wp\/v2\/users\/2476"}],"replies":[{"embeddable":true,"href":"https:\/\/encuentroinformativo.com.mx\/index.php?rest_route=%2Fwp%2Fv2%2Fcomments&post=48590"}],"version-history":[{"count":1,"href":"https:\/\/encuentroinformativo.com.mx\/index.php?rest_route=\/wp\/v2\/posts\/48590\/revisions"}],"predecessor-version":[{"id":48592,"href":"https:\/\/encuentroinformativo.com.mx\/index.php?rest_route=\/wp\/v2\/posts\/48590\/revisions\/48592"}],"wp:featuredmedia":[{"embeddable":true,"href":"https:\/\/encuentroinformativo.com.mx\/index.php?rest_route=\/wp\/v2\/media\/48591"}],"wp:attachment":[{"href":"https:\/\/encuentroinformativo.com.mx\/index.php?rest_route=%2Fwp%2Fv2%2Fmedia&parent=48590"}],"wp:term":[{"taxonomy":"category","embeddable":true,"href":"https:\/\/encuentroinformativo.com.mx\/index.php?rest_route=%2Fwp%2Fv2%2Fcategories&post=48590"},{"taxonomy":"post_tag","embeddable":true,"href":"https:\/\/encuentroinformativo.com.mx\/index.php?rest_route=%2Fwp%2Fv2%2Ftags&post=48590"}],"curies":[{"name":"wp","href":"https:\/\/api.w.org\/{rel}","templated":true}]}}