{"id":48596,"date":"2023-12-15T21:25:46","date_gmt":"2023-12-16T03:25:46","guid":{"rendered":"https:\/\/encuentroinformativo.com.mx\/?p=48596"},"modified":"2023-12-15T21:25:51","modified_gmt":"2023-12-16T03:25:51","slug":"desconfian-colectivos-de-cifras-oficiales-de-personas-desaparecidas","status":"publish","type":"post","link":"https:\/\/encuentroinformativo.com.mx\/?p=48596","title":{"rendered":"Desconf\u00edan colectivos de cifras &#8216;oficiales&#8217; de personas desaparecidas"},"content":{"rendered":"\n<p><strong>Dar\u00edo Pale <\/strong><\/p>\n\n\n\n<p>Xalapa, Ver.- Colectivos no conf\u00edan en cifras de Andr\u00e9s Manuel L\u00f3pez Obrador, por lo que los colectivos colocaron esferas con la esperanza que alg\u00fan d\u00eda vuelvan sus seres amados.<\/p>\n\n\n\n<p>En entrevista la integrante del colectivo &#8220;La Esperanza del Reencuentro&#8221;, Mar\u00eda Antonieta Mu\u00f1oz Roa, opin\u00f3 que &#8220;no hay certeza de las cifras que dio el Presidente&#8221;, luego de que presumiera una reducci\u00f3n de las desapariciones, por lo cual colocaron esferas con los rostros de sus seres amados, en una de las araucarias del parque Ju\u00e1rez.<\/p>\n\n\n\n<p>Expuso que la colocaci\u00f3n de las esferas con las im\u00e1genes de sus seres amados es una conmemoraci\u00f3n al recuerdo de sus seres queridos.<\/p>\n\n\n\n<p>&#8220;Para nosotros es un acto de amor, de fe y de esperanza, para elevar nuestras oraciones y, sensibilizar a la sociedad, porque para nosotros es muy triste en estas fechas&#8221;, se\u00f1al\u00f3.<\/p>\n\n\n\n<p>&#8220;Nos falta una persona en la mesa, no tenemos a qui\u00e9n abrazar, que quisi\u00e9ramos decirles muchas cosas, platicar con ellos, que los seguimos esperando, que hay noticias para ellos&#8221;, agreg\u00f3.<br><\/p>\n\n\n\n<p>Mu\u00f1oz Roa, refiri\u00f3 que lleva 12 a\u00f1os esperando saber de su hijo que desapareci\u00f3 en Xalapa, aunque hay quienes llevan esperando muchos m\u00e1s a\u00f1os.<\/p>\n\n\n\n<p>Consider\u00f3 que no puede haber una disminuci\u00f3n del delito, al contrario, la cifra ha ido en aumento, lo que sucede es que no todos presentan una denuncia.<\/p>\n\n\n\n<p>Por ello, consider\u00f3 que se deber\u00eda revisar mejor la base de datos para dar cifras certeras, porque no se vale que salgan a decir que hay una disminuci\u00f3n, si no se sabe cu\u00e1nta gente no presenta denuncias.<\/p>\n\n\n\n<p>Tras el paro que llevaron a cabo en el centro de esta capital y la reuni\u00f3n con el Gobernador, dijo que ser\u00eda mejor que las citas se dieran por colectivo, no con los representantes.<\/p>\n\n\n\n<p>Finalmente dio a conocer que, &#8220;porque cada quien tiene su tema y no podemos estar escudri\u00f1ando en los temas de los dem\u00e1s&#8221;.<\/p>\n","protected":false},"excerpt":{"rendered":"<p>Dar\u00edo Pale Xalapa, Ver.- Colectivos no conf\u00edan en cifras de Andr\u00e9s Manuel L\u00f3pez Obrador, por lo que los colectivos colocaron esferas con la esperanza que alg\u00fan d\u00eda vuelvan sus seres amados. En entrevista la integrante del colectivo &#8220;La Esperanza del Reencuentro&#8221;, Mar\u00eda Antonieta Mu\u00f1oz Roa, opin\u00f3 que &#8220;no hay certeza de las cifras que dio [&hellip;]<\/p>\n","protected":false},"author":2476,"featured_media":48597,"comment_status":"open","ping_status":"open","sticky":false,"template":"","format":"standard","meta":{"_jetpack_memberships_contains_paid_content":false,"footnotes":""},"categories":[3],"tags":[],"class_list":["post-48596","post","type-post","status-publish","format-standard","has-post-thumbnail","hentry","category-xalapa"],"jetpack_featured_media_url":"https:\/\/encuentroinformativo.com.mx\/wp-content\/uploads\/2023\/12\/IMG-20231215-WA0046.jpg","jetpack_sharing_enabled":true,"jetpack_likes_enabled":true,"amp_enabled":true,"_links":{"self":[{"href":"https:\/\/encuentroinformativo.com.mx\/index.php?rest_route=\/wp\/v2\/posts\/48596","targetHints":{"allow":["GET"]}}],"collection":[{"href":"https:\/\/encuentroinformativo.com.mx\/index.php?rest_route=\/wp\/v2\/posts"}],"about":[{"href":"https:\/\/encuentroinformativo.com.mx\/index.php?rest_route=\/wp\/v2\/types\/post"}],"author":[{"embeddable":true,"href":"https:\/\/encuentroinformativo.com.mx\/index.php?rest_route=\/wp\/v2\/users\/2476"}],"replies":[{"embeddable":true,"href":"https:\/\/encuentroinformativo.com.mx\/index.php?rest_route=%2Fwp%2Fv2%2Fcomments&post=48596"}],"version-history":[{"count":1,"href":"https:\/\/encuentroinformativo.com.mx\/index.php?rest_route=\/wp\/v2\/posts\/48596\/revisions"}],"predecessor-version":[{"id":48598,"href":"https:\/\/encuentroinformativo.com.mx\/index.php?rest_route=\/wp\/v2\/posts\/48596\/revisions\/48598"}],"wp:featuredmedia":[{"embeddable":true,"href":"https:\/\/encuentroinformativo.com.mx\/index.php?rest_route=\/wp\/v2\/media\/48597"}],"wp:attachment":[{"href":"https:\/\/encuentroinformativo.com.mx\/index.php?rest_route=%2Fwp%2Fv2%2Fmedia&parent=48596"}],"wp:term":[{"taxonomy":"category","embeddable":true,"href":"https:\/\/encuentroinformativo.com.mx\/index.php?rest_route=%2Fwp%2Fv2%2Fcategories&post=48596"},{"taxonomy":"post_tag","embeddable":true,"href":"https:\/\/encuentroinformativo.com.mx\/index.php?rest_route=%2Fwp%2Fv2%2Ftags&post=48596"}],"curies":[{"name":"wp","href":"https:\/\/api.w.org\/{rel}","templated":true}]}}