{"id":48599,"date":"2023-12-15T21:36:02","date_gmt":"2023-12-16T03:36:02","guid":{"rendered":"https:\/\/encuentroinformativo.com.mx\/?p=48599"},"modified":"2023-12-15T21:36:07","modified_gmt":"2023-12-16T03:36:07","slug":"triste-navidad-para-familiares-de-desaparecidos","status":"publish","type":"post","link":"https:\/\/encuentroinformativo.com.mx\/?p=48599","title":{"rendered":"\u00a1Triste navidad!, para familiares de desaparecidos"},"content":{"rendered":"\n<p><strong>Juan Arcos <\/strong><\/p>\n\n\n\n<p>Xalapa, Ver.- Integrantes del colectivo Familiares Enlaces Xalapa colocaron 60 esferas con la fotograf\u00eda de sus desaparecidos en un pino del parque Benito Ju\u00e1rez, en la zona centro de la ciudad de Xalapa, este viernes 15 de diciembre.<\/p>\n\n\n\n<p>Se trata de personas que se extraviaron desde hace m\u00e1s de diez a\u00f1os en la regi\u00f3n capital del estado de Veracruz y que hasta el momento no hay indicios de su paradero.<\/p>\n\n\n\n<p>Algunas esferas fueron reemplazadas debido a que ya hab\u00edan sido instaladas sobre la araucaria del parque Ju\u00e1rez desde hace a\u00f1os y se hab\u00edan deteriorado.<\/p>\n\n\n\n<p>Carlos Salda\u00f1a Grajales, integrante de dicho colectivo, se\u00f1al\u00f3 que los integrantes de colectivos de b\u00fasqueda pasar\u00e1n otra triste Navidad por la ausencia de sus hijas, hijos, madres, padres, esposas, esposos y de otros familiares.<\/p>\n\n\n\n<p>Las personas colocaron por cuarto a\u00f1o consecutivo las esferas en memoria de sus familiares desaparecidos, para recordar a las autoridades que est\u00e1n pendientes las investigaciones.<\/p>\n\n\n\n<p>Carlos Salda\u00f1a lament\u00f3 que autoridades federales hayan \u201crasurado\u201d el padr\u00f3n de desaparecidos a nivel nacional para reducir los presupuestos destinados a la b\u00fasqueda de sus seres queridos.<\/p>\n\n\n\n<p>\u00c9l busca a sus hijos Karla Nallely Salda\u00f1a Grajales y Jes\u00fas Alberto Estrada Mart\u00ednez, quienes ten\u00edan 20 a\u00f1os, cuando desaparecieron aquel 29 de noviembre de 2011, en la zona de antros de Xalapa.<\/p>\n","protected":false},"excerpt":{"rendered":"<p>Juan Arcos Xalapa, Ver.- Integrantes del colectivo Familiares Enlaces Xalapa colocaron 60 esferas con la fotograf\u00eda de sus desaparecidos en un pino del parque Benito Ju\u00e1rez, en la zona centro de la ciudad de Xalapa, este viernes 15 de diciembre. Se trata de personas que se extraviaron desde hace m\u00e1s de diez a\u00f1os en la [&hellip;]<\/p>\n","protected":false},"author":2476,"featured_media":48600,"comment_status":"open","ping_status":"open","sticky":false,"template":"","format":"standard","meta":{"_jetpack_memberships_contains_paid_content":false,"footnotes":""},"categories":[3],"tags":[],"class_list":["post-48599","post","type-post","status-publish","format-standard","has-post-thumbnail","hentry","category-xalapa"],"jetpack_featured_media_url":"https:\/\/encuentroinformativo.com.mx\/wp-content\/uploads\/2023\/12\/IMG_3636.jpg","jetpack_sharing_enabled":true,"jetpack_likes_enabled":true,"amp_enabled":true,"_links":{"self":[{"href":"https:\/\/encuentroinformativo.com.mx\/index.php?rest_route=\/wp\/v2\/posts\/48599","targetHints":{"allow":["GET"]}}],"collection":[{"href":"https:\/\/encuentroinformativo.com.mx\/index.php?rest_route=\/wp\/v2\/posts"}],"about":[{"href":"https:\/\/encuentroinformativo.com.mx\/index.php?rest_route=\/wp\/v2\/types\/post"}],"author":[{"embeddable":true,"href":"https:\/\/encuentroinformativo.com.mx\/index.php?rest_route=\/wp\/v2\/users\/2476"}],"replies":[{"embeddable":true,"href":"https:\/\/encuentroinformativo.com.mx\/index.php?rest_route=%2Fwp%2Fv2%2Fcomments&post=48599"}],"version-history":[{"count":1,"href":"https:\/\/encuentroinformativo.com.mx\/index.php?rest_route=\/wp\/v2\/posts\/48599\/revisions"}],"predecessor-version":[{"id":48601,"href":"https:\/\/encuentroinformativo.com.mx\/index.php?rest_route=\/wp\/v2\/posts\/48599\/revisions\/48601"}],"wp:featuredmedia":[{"embeddable":true,"href":"https:\/\/encuentroinformativo.com.mx\/index.php?rest_route=\/wp\/v2\/media\/48600"}],"wp:attachment":[{"href":"https:\/\/encuentroinformativo.com.mx\/index.php?rest_route=%2Fwp%2Fv2%2Fmedia&parent=48599"}],"wp:term":[{"taxonomy":"category","embeddable":true,"href":"https:\/\/encuentroinformativo.com.mx\/index.php?rest_route=%2Fwp%2Fv2%2Fcategories&post=48599"},{"taxonomy":"post_tag","embeddable":true,"href":"https:\/\/encuentroinformativo.com.mx\/index.php?rest_route=%2Fwp%2Fv2%2Ftags&post=48599"}],"curies":[{"name":"wp","href":"https:\/\/api.w.org\/{rel}","templated":true}]}}