{"id":48602,"date":"2023-12-16T11:02:55","date_gmt":"2023-12-16T17:02:55","guid":{"rendered":"https:\/\/encuentroinformativo.com.mx\/?p=48602"},"modified":"2023-12-16T11:03:04","modified_gmt":"2023-12-16T17:03:04","slug":"respalda-claudio-x-gonzalez-a-pepe-yunes-para-la-gubernatura-de-veracruz","status":"publish","type":"post","link":"https:\/\/encuentroinformativo.com.mx\/?p=48602","title":{"rendered":"Respalda Claudio X Gonz\u00e1lez a Pepe Yunes para la gubernatura de Veracruz"},"content":{"rendered":"\n<p><strong>Alejandro \u00c1vila<\/strong><\/p>\n\n\n\n<p>Veracruz, Ver.- Durante el &#8220;Encuentro Ciudadano rumbo al 2024&#8221; realizado en Veracruz puerto, el empresario, Claudio X Gonz\u00e1lez, dio el visto bueno para que, Jos\u00e9 Francisco Yunes Zorrilla, sea el candidato a la gubernatura de Veracruz por el Frente Amplio Por M\u00e9xico (FAM).<\/p>\n\n\n\n<p>En evento realizado en conocido hotel del Puerto de Veracruz, donde estuvieron presentes Macario Schettino, Leonardo Garc\u00eda Camarena, Fernando Belauzar\u00e1n, Luis Carlos Ugalde, Ana Luc\u00eda Medina y Gabriel Sterling, los cuales integran Misi\u00f3n Rescate M\u00e9xico; empresarios veracruzanos, sociedad civil y panistas, dieron la aprobaci\u00f3n a Pepe Yunes.<\/p>\n\n\n\n<p>&#8220;Ah\u00ed est\u00e1 Pepe, \u00e9l es el candidato natural y con quien deben ir (en Veracruz) todos unidos&#8221;, fueron las palabras del empresario Claudio X Gonz\u00e1lez.<\/p>\n\n\n\n<p>En redes sociales, los integrantes de Misi\u00f3n Rescate M\u00e9xico, afirmaron que la mejor opci\u00f3n para encabezar el frente opositor en Veracruz es Pepe Yunes.<\/p>\n\n\n\n<p>Cabe mencionar que este s\u00e1bado, el candidato priista a la gubernatura y virtual candidato del Frente Amplio en Veracruz, Pepe Yunes, recibir\u00e1 en su tierra natal, Perote, a X\u00f3chitl G\u00e1lvez; quien adem\u00e1s de sostener un encuentro con la ciudadan\u00eda, vendr\u00eda a confirmar la candidatura de Pepe Yunes, abanderando al PRI, PAN y PRD en Veracruz.<\/p>\n","protected":false},"excerpt":{"rendered":"<p>Alejandro \u00c1vila Veracruz, Ver.- Durante el &#8220;Encuentro Ciudadano rumbo al 2024&#8221; realizado en Veracruz puerto, el empresario, Claudio X Gonz\u00e1lez, dio el visto bueno para que, Jos\u00e9 Francisco Yunes Zorrilla, sea el candidato a la gubernatura de Veracruz por el Frente Amplio Por M\u00e9xico (FAM). En evento realizado en conocido hotel del Puerto de Veracruz, [&hellip;]<\/p>\n","protected":false},"author":2476,"featured_media":48603,"comment_status":"open","ping_status":"open","sticky":false,"template":"","format":"standard","meta":{"_jetpack_memberships_contains_paid_content":false,"footnotes":""},"categories":[2],"tags":[],"class_list":["post-48602","post","type-post","status-publish","format-standard","has-post-thumbnail","hentry","category-estado"],"jetpack_featured_media_url":"https:\/\/encuentroinformativo.com.mx\/wp-content\/uploads\/2023\/12\/IMG-20231216-WA00012.jpg","jetpack_sharing_enabled":true,"jetpack_likes_enabled":true,"amp_enabled":true,"_links":{"self":[{"href":"https:\/\/encuentroinformativo.com.mx\/index.php?rest_route=\/wp\/v2\/posts\/48602","targetHints":{"allow":["GET"]}}],"collection":[{"href":"https:\/\/encuentroinformativo.com.mx\/index.php?rest_route=\/wp\/v2\/posts"}],"about":[{"href":"https:\/\/encuentroinformativo.com.mx\/index.php?rest_route=\/wp\/v2\/types\/post"}],"author":[{"embeddable":true,"href":"https:\/\/encuentroinformativo.com.mx\/index.php?rest_route=\/wp\/v2\/users\/2476"}],"replies":[{"embeddable":true,"href":"https:\/\/encuentroinformativo.com.mx\/index.php?rest_route=%2Fwp%2Fv2%2Fcomments&post=48602"}],"version-history":[{"count":1,"href":"https:\/\/encuentroinformativo.com.mx\/index.php?rest_route=\/wp\/v2\/posts\/48602\/revisions"}],"predecessor-version":[{"id":48604,"href":"https:\/\/encuentroinformativo.com.mx\/index.php?rest_route=\/wp\/v2\/posts\/48602\/revisions\/48604"}],"wp:featuredmedia":[{"embeddable":true,"href":"https:\/\/encuentroinformativo.com.mx\/index.php?rest_route=\/wp\/v2\/media\/48603"}],"wp:attachment":[{"href":"https:\/\/encuentroinformativo.com.mx\/index.php?rest_route=%2Fwp%2Fv2%2Fmedia&parent=48602"}],"wp:term":[{"taxonomy":"category","embeddable":true,"href":"https:\/\/encuentroinformativo.com.mx\/index.php?rest_route=%2Fwp%2Fv2%2Fcategories&post=48602"},{"taxonomy":"post_tag","embeddable":true,"href":"https:\/\/encuentroinformativo.com.mx\/index.php?rest_route=%2Fwp%2Fv2%2Ftags&post=48602"}],"curies":[{"name":"wp","href":"https:\/\/api.w.org\/{rel}","templated":true}]}}