{"id":48607,"date":"2023-12-16T12:31:07","date_gmt":"2023-12-16T18:31:07","guid":{"rendered":"https:\/\/encuentroinformativo.com.mx\/?p=48607"},"modified":"2023-12-16T12:31:13","modified_gmt":"2023-12-16T18:31:13","slug":"instalan-en-medellin-de-bravo-pista-de-hielo","status":"publish","type":"post","link":"https:\/\/encuentroinformativo.com.mx\/?p=48607","title":{"rendered":"Instalan en Medell\u00edn de Bravo pista de hielo"},"content":{"rendered":"\n<p><strong>Alejandro \u00c1vila<\/strong><\/p>\n\n\n\n<p>Medell\u00edn de Bravo, Ver.- El alcalde, Marcos Isle\u00f1o Andrade, y el secretario de Gobierno, Carlos Ju\u00e1ez Gil, inauguraron la novedosa pista de hielo que se instal\u00f3 como atractivo principal de la Villa M\u00e1gica Navide\u00f1a en el fraccionamiento Arboledas San Ram\u00f3n.<\/p>\n\n\n\n<p>Miles de personas disfrutaron del gran espect\u00e1culo de la compa\u00f1\u00eda de patinaje IceStars M\u00e9xico en su tour 2023, esto como parte del programa Orgullo Navide\u00f1o que promueve el gobierno del estado de Veracruz.<\/p>\n\n\n\n<p>Ante la presencia del Secretario de Gobierno, Carlos Ju\u00e1rez Gil, y de la presidenta estatal del DIF, Rebeca Quintanar Barcel\u00f3, el alcalde Marcos Isle\u00f1o Andrade agradeci\u00f3 la presencia de locales y visitantes que acudieron para disfrutar de los atractivos de la villa navide\u00f1a y ser testigos de la inauguraci\u00f3n de la pista de hielo.<\/p>\n\n\n\n<p>\u201cAgradezco a todas las familias que nos acompa\u00f1an a este evento que es creado para todos ustedes con mucho cari\u00f1o. Le doy las gracias a mi amigo, el Secretario de Gobierno, Carlos Ju\u00e1rez, y a la licenciada, Rebeca Quintanar, ambos grandes aliados de Medell\u00edn. Es la primera vez que tenemos este tipo de eventos en el municipio, as\u00ed que esperamos que lo disfruten mucho en compa\u00f1\u00eda de sus seres queridos\u201d, coment\u00f3.&nbsp;<\/p>\n\n\n\n<p>El espect\u00e1culo estuvo a cargo de la compa\u00f1\u00eda de patinaje IceStars M\u00e9xico en su tour 2023, quienes al comp\u00e1s de diversos n\u00fameros musicales como \u201cLa Bamba\u201d, \u201cAmor a la Mexicana\u201d, \u201cSecreto de Amor\u201d y \u201cVivo por Ella\u201d, entre otras, deleitaron a todos los presentes con sus elegantes coreograf\u00edas y acrobacias.<\/p>\n\n\n\n<p>El acceso a la pista de hielo ser\u00e1 completamente gratuito y operar\u00e1 en horario de 6 de la tarde a 12 de la noche \u2013al igual que la villa navide\u00f1a- durante todo el mes de diciembre y hasta el 6 de enero, para que todas las familias acudan a disfrutarla, toda vez que la atracci\u00f3n es apta para todas las edades.<\/p>\n","protected":false},"excerpt":{"rendered":"<p>Alejandro \u00c1vila Medell\u00edn de Bravo, Ver.- El alcalde, Marcos Isle\u00f1o Andrade, y el secretario de Gobierno, Carlos Ju\u00e1ez Gil, inauguraron la novedosa pista de hielo que se instal\u00f3 como atractivo principal de la Villa M\u00e1gica Navide\u00f1a en el fraccionamiento Arboledas San Ram\u00f3n. Miles de personas disfrutaron del gran espect\u00e1culo de la compa\u00f1\u00eda de patinaje IceStars [&hellip;]<\/p>\n","protected":false},"author":2476,"featured_media":48608,"comment_status":"open","ping_status":"open","sticky":false,"template":"","format":"standard","meta":{"_jetpack_memberships_contains_paid_content":false,"footnotes":""},"categories":[2],"tags":[],"class_list":["post-48607","post","type-post","status-publish","format-standard","has-post-thumbnail","hentry","category-estado"],"jetpack_featured_media_url":"https:\/\/encuentroinformativo.com.mx\/wp-content\/uploads\/2023\/12\/IMG-20231216-WA0012.jpg","jetpack_sharing_enabled":true,"jetpack_likes_enabled":true,"amp_enabled":true,"_links":{"self":[{"href":"https:\/\/encuentroinformativo.com.mx\/index.php?rest_route=\/wp\/v2\/posts\/48607","targetHints":{"allow":["GET"]}}],"collection":[{"href":"https:\/\/encuentroinformativo.com.mx\/index.php?rest_route=\/wp\/v2\/posts"}],"about":[{"href":"https:\/\/encuentroinformativo.com.mx\/index.php?rest_route=\/wp\/v2\/types\/post"}],"author":[{"embeddable":true,"href":"https:\/\/encuentroinformativo.com.mx\/index.php?rest_route=\/wp\/v2\/users\/2476"}],"replies":[{"embeddable":true,"href":"https:\/\/encuentroinformativo.com.mx\/index.php?rest_route=%2Fwp%2Fv2%2Fcomments&post=48607"}],"version-history":[{"count":1,"href":"https:\/\/encuentroinformativo.com.mx\/index.php?rest_route=\/wp\/v2\/posts\/48607\/revisions"}],"predecessor-version":[{"id":48609,"href":"https:\/\/encuentroinformativo.com.mx\/index.php?rest_route=\/wp\/v2\/posts\/48607\/revisions\/48609"}],"wp:featuredmedia":[{"embeddable":true,"href":"https:\/\/encuentroinformativo.com.mx\/index.php?rest_route=\/wp\/v2\/media\/48608"}],"wp:attachment":[{"href":"https:\/\/encuentroinformativo.com.mx\/index.php?rest_route=%2Fwp%2Fv2%2Fmedia&parent=48607"}],"wp:term":[{"taxonomy":"category","embeddable":true,"href":"https:\/\/encuentroinformativo.com.mx\/index.php?rest_route=%2Fwp%2Fv2%2Fcategories&post=48607"},{"taxonomy":"post_tag","embeddable":true,"href":"https:\/\/encuentroinformativo.com.mx\/index.php?rest_route=%2Fwp%2Fv2%2Ftags&post=48607"}],"curies":[{"name":"wp","href":"https:\/\/api.w.org\/{rel}","templated":true}]}}