{"id":48625,"date":"2023-12-17T14:02:03","date_gmt":"2023-12-17T20:02:03","guid":{"rendered":"https:\/\/encuentroinformativo.com.mx\/?p=48625"},"modified":"2023-12-17T14:02:08","modified_gmt":"2023-12-17T20:02:08","slug":"desde-hace-12-anos-buscan-al-profesor-margarito","status":"publish","type":"post","link":"https:\/\/encuentroinformativo.com.mx\/?p=48625","title":{"rendered":"Desde hace 12 a\u00f1os, buscan al profesor Margarito"},"content":{"rendered":"\n<p><strong>Juan Arcos <\/strong><\/p>\n\n\n\n<p>Xalapa, Ver.- Do\u00f1a Concepci\u00f3n Hern\u00e1ndez Hern\u00e1ndez y su familia se mudaron a Xalapa para que sus hijos pudieran estudiar, pero han enfrentado muchas dificultades desde entonces. Hace 12 a\u00f1os, su esposo Margarito D\u00edaz Fuentes desapareci\u00f3 y nunca regres\u00f3.<\/p>\n\n\n\n<p>Ellos son originarios de Chicontepec, de la regi\u00f3n Huasteca Veracruzana, pero la falta de recursos econ\u00f3micos dificult\u00f3 su estancia en la capital del estado.<\/p>\n\n\n\n<p>\u201cNos quedamos sin nada, tuve que vender mi casa y sufrimos mucho, batall\u00e9 bastante con mis hijos porque el prop\u00f3sito de llegar aqu\u00ed a Xalapa era para que mis hijos estudien y por eso nos venimos, somos de Chicontepec, si es de la Huasteca, llegamos aqu\u00ed para que mis hijos estudien y sin embargo batall\u00e9 bastante\u201d.<\/p>\n\n\n\n<p>La vida ha sido muy dif\u00edcil para esta familia, la se\u00f1ora Concepci\u00f3n desarroll\u00f3 diabetes y su hija fue diagnosticada con c\u00e1ncer de tiroides debido al estr\u00e9s.<\/p>\n\n\n\n<p>\u201cLa vida fue muy dif\u00edcil, ha sido muy dif\u00edcil porque ahora hemos tenido consecuencias, yo tengo diabetes, a mi hija le detectaron c\u00e1ncer de tiroides porque pas\u00f3 por momentos muy dif\u00edciles, porque se qued\u00f3 en la escuela y su pap\u00e1 nunca regres\u00f3\u201d, expres\u00f3 la mujer.<\/p>\n\n\n\n<p>Aunque han buscado apoyo de las autoridades para localizar al padre de familia, sienten que no se ha hecho lo suficiente.<\/p>\n\n\n\n<p>\u201cMis hijos se quedaron de 14 a\u00f1os mi hijo y mi hija de 16. Actualmente, mi hija tiene 28 a\u00f1os y mi hijo 26 a\u00f1os\u201d, relat\u00f3 la se\u00f1ora, quien busca con desesperaci\u00f3n a su esposo.<\/p>\n\n\n\n<p>La madre asiste a las brigadas de b\u00fasqueda y siempre tiene la esperanza de encontrar a su familiar, pero hasta ahora no ha tenido \u00e9xito. La vida de las personas con familiares desaparecidos es muy dif\u00edcil.<\/p>\n\n\n\n<p>Su marido Margarito desapareci\u00f3 el 15 de diciembre de 2011. Laboraba como profesor de primaria en la escuela \u00darsulo Galv\u00e1n del municipio de Jalcomulco. Aquel d\u00eda fue a dar clases pero ya no volvi\u00f3.<\/p>\n\n\n\n<p>\u201cAhora mi esposo est\u00e1 cumpliendo 12 a\u00f1os y que pues no, no se sabe nada y vamos con nuestro Ministerio P\u00fablico (MP) a preguntar o a decir que han hecho y pues realmente no, no est\u00e1n haciendo nada\u201d, enfatiz\u00f3 do\u00f1a Concepci\u00f3n.<\/p>\n","protected":false},"excerpt":{"rendered":"<p>Juan Arcos Xalapa, Ver.- Do\u00f1a Concepci\u00f3n Hern\u00e1ndez Hern\u00e1ndez y su familia se mudaron a Xalapa para que sus hijos pudieran estudiar, pero han enfrentado muchas dificultades desde entonces. Hace 12 a\u00f1os, su esposo Margarito D\u00edaz Fuentes desapareci\u00f3 y nunca regres\u00f3. Ellos son originarios de Chicontepec, de la regi\u00f3n Huasteca Veracruzana, pero la falta de recursos [&hellip;]<\/p>\n","protected":false},"author":2476,"featured_media":48626,"comment_status":"open","ping_status":"open","sticky":false,"template":"","format":"standard","meta":{"_jetpack_memberships_contains_paid_content":false,"footnotes":""},"categories":[3],"tags":[],"class_list":["post-48625","post","type-post","status-publish","format-standard","has-post-thumbnail","hentry","category-xalapa"],"jetpack_featured_media_url":"https:\/\/encuentroinformativo.com.mx\/wp-content\/uploads\/2023\/12\/IMG_3672.jpg","jetpack_sharing_enabled":true,"jetpack_likes_enabled":true,"amp_enabled":true,"_links":{"self":[{"href":"https:\/\/encuentroinformativo.com.mx\/index.php?rest_route=\/wp\/v2\/posts\/48625","targetHints":{"allow":["GET"]}}],"collection":[{"href":"https:\/\/encuentroinformativo.com.mx\/index.php?rest_route=\/wp\/v2\/posts"}],"about":[{"href":"https:\/\/encuentroinformativo.com.mx\/index.php?rest_route=\/wp\/v2\/types\/post"}],"author":[{"embeddable":true,"href":"https:\/\/encuentroinformativo.com.mx\/index.php?rest_route=\/wp\/v2\/users\/2476"}],"replies":[{"embeddable":true,"href":"https:\/\/encuentroinformativo.com.mx\/index.php?rest_route=%2Fwp%2Fv2%2Fcomments&post=48625"}],"version-history":[{"count":1,"href":"https:\/\/encuentroinformativo.com.mx\/index.php?rest_route=\/wp\/v2\/posts\/48625\/revisions"}],"predecessor-version":[{"id":48627,"href":"https:\/\/encuentroinformativo.com.mx\/index.php?rest_route=\/wp\/v2\/posts\/48625\/revisions\/48627"}],"wp:featuredmedia":[{"embeddable":true,"href":"https:\/\/encuentroinformativo.com.mx\/index.php?rest_route=\/wp\/v2\/media\/48626"}],"wp:attachment":[{"href":"https:\/\/encuentroinformativo.com.mx\/index.php?rest_route=%2Fwp%2Fv2%2Fmedia&parent=48625"}],"wp:term":[{"taxonomy":"category","embeddable":true,"href":"https:\/\/encuentroinformativo.com.mx\/index.php?rest_route=%2Fwp%2Fv2%2Fcategories&post=48625"},{"taxonomy":"post_tag","embeddable":true,"href":"https:\/\/encuentroinformativo.com.mx\/index.php?rest_route=%2Fwp%2Fv2%2Ftags&post=48625"}],"curies":[{"name":"wp","href":"https:\/\/api.w.org\/{rel}","templated":true}]}}