{"id":48635,"date":"2023-12-18T06:56:13","date_gmt":"2023-12-18T12:56:13","guid":{"rendered":"https:\/\/encuentroinformativo.com.mx\/?p=48635"},"modified":"2023-12-18T10:58:32","modified_gmt":"2023-12-18T16:58:32","slug":"con-marcha-acompanaron-informe-de-diputado","status":"publish","type":"post","link":"https:\/\/encuentroinformativo.com.mx\/?p=48635","title":{"rendered":"Con marcha acompa\u00f1aron informe de diputado"},"content":{"rendered":"\n<p><strong>Alejandro \u00c1vila<\/strong><\/p>\n\n\n\n<p>Medell\u00edn de Bravo, Ver.- Una multitudinaria marcha se realiz\u00f3 la tarde de este domingo en el municipio de Medell\u00edn de Bravo, donde ciudadanos de m\u00e1s de 10 municipios acudieron al Segundo Informe de Labores del diputado local, Magdaleno Rosales Torres.<\/p>\n\n\n\n<p>El evento que se realiz\u00f3 en la Plaza C\u00edvica de Medell\u00edn tuvo una caravana previa a donde asistieron cientos de beneficiados por su gesti\u00f3n en m\u00e1s de 10 municipios.<\/p>\n\n\n\n<p>Maleno Rosales camin\u00f3, codo a codo, con mujeres y hombres beneficiados con sus gestiones sociales y acciones legislativas, quienes lo exhortaron a seguir adelante para que su trabajo contribuya al bienestar de las comunidades.<\/p>\n\n\n\n<p>La multitudinaria caravana que arrop\u00f3 a Maleno Rosales fue conformada por habitantes de los municipios de Medell\u00edn, Atoyac, Cotaxtla, Carrillo Puerto, Paso del Macho, Huatusco, Manlio Fabio Altamirano y de comunidades donde ha dejado huella con sus programas sociales y mejora de caminos.<\/p>\n\n\n\n<p>&#8220;Porque \u2018trabajo mata grilla\u2019, estoy frente a ustedes, no para que me escuchen, sino para que escuchen al verdadero protagonista de este evento: \u00a1al pueblo!&#8221;, expres\u00f3 ante una plaza c\u00edvica abarrotada.<\/p>\n\n\n\n<p>E indic\u00f3, estamos trabajando fuerte y de manera decidida para lograr, juntas y juntos, que la transformaci\u00f3n llegue a cada uno de los rincones de nuestro Distrito.<\/p>\n\n\n\n<p>Y ante mis padres, hermanos, amistades y cada uno de ustedes -agreg\u00f3- quiero decirles que me siento sumamente emocionado por lo que hemos logrado en este segundo a\u00f1o, as\u00ed como en cada uno de las cinco que ya llevo como su representante popular, gracias a su confianza, porque desde la m\u00e1s alta tribuna de Veracruz: \u00a1su voz se hace escuchar y se hace valer!<\/p>\n\n\n\n<p>Pero tambi\u00e9n fue claro en reconocer que todav\u00eda se debe hacer mucho. Es cierto, dijo, todav\u00eda tenemos mucho por hacer, lo que les he informado constituye parte de algunas acciones que pueden corroborar, pero que no haya duda: \u00a1vamos a impulsar m\u00e1s gestiones!<\/p>\n\n\n\n<p>El Representante del Distrito local XVII puntualiz\u00f3 que no est\u00e1 en \u00e9l venir a contarles mentiras, porque eso ser\u00eda ofenderles, lo que s\u00ed asegur\u00f3 fue seguir cumpliendo con la misma energ\u00eda y el gran entusiasmo que le distingue.<\/p>\n\n\n\n<p>&#8220;Sin perder el cari\u00f1o, respeto y orgullo por nuestras ra\u00edces e identidad, mantengo siempre la mirada en el bienestar y progreso social. En absoluta unidad con el pueblo, estamos listos para trascender en v\u00edas de consolidar lo que ya se ha logrado, porque el trabajo no puede ni debe detenerse&#8221;, destac\u00f3.<\/p>\n\n\n\n<p>Como Distrito, apunt\u00f3, es indiscutible que nos seguir\u00e1 yendo bien, porque, afortunadamente, se cuenta con la capacidad, experiencia y un amplio amor por el pueblo.&nbsp;<\/p>\n\n\n\n<p>&#8220;A\u00fan hay mucha historia por escribir con las letras de la esperanza de un ma\u00f1ana promisorio. \u00a1Estoy m\u00e1s que preparado para continuar sirvi\u00e9ndoles!&#8221;, finaliz\u00f3.<\/p>\n","protected":false},"excerpt":{"rendered":"<p>Alejandro \u00c1vila Medell\u00edn de Bravo, Ver.- Una multitudinaria marcha se realiz\u00f3 la tarde de este domingo en el municipio de Medell\u00edn de Bravo, donde ciudadanos de m\u00e1s de 10 municipios acudieron al Segundo Informe de Labores del diputado local, Magdaleno Rosales Torres. El evento que se realiz\u00f3 en la Plaza C\u00edvica de Medell\u00edn tuvo una [&hellip;]<\/p>\n","protected":false},"author":2476,"featured_media":48636,"comment_status":"open","ping_status":"open","sticky":false,"template":"","format":"standard","meta":{"_jetpack_memberships_contains_paid_content":false,"footnotes":""},"categories":[2],"tags":[],"class_list":["post-48635","post","type-post","status-publish","format-standard","has-post-thumbnail","hentry","category-estado"],"jetpack_featured_media_url":"https:\/\/encuentroinformativo.com.mx\/wp-content\/uploads\/2023\/12\/IMG-20231218-WA00082.jpg","jetpack_sharing_enabled":true,"jetpack_likes_enabled":true,"amp_enabled":true,"_links":{"self":[{"href":"https:\/\/encuentroinformativo.com.mx\/index.php?rest_route=\/wp\/v2\/posts\/48635","targetHints":{"allow":["GET"]}}],"collection":[{"href":"https:\/\/encuentroinformativo.com.mx\/index.php?rest_route=\/wp\/v2\/posts"}],"about":[{"href":"https:\/\/encuentroinformativo.com.mx\/index.php?rest_route=\/wp\/v2\/types\/post"}],"author":[{"embeddable":true,"href":"https:\/\/encuentroinformativo.com.mx\/index.php?rest_route=\/wp\/v2\/users\/2476"}],"replies":[{"embeddable":true,"href":"https:\/\/encuentroinformativo.com.mx\/index.php?rest_route=%2Fwp%2Fv2%2Fcomments&post=48635"}],"version-history":[{"count":1,"href":"https:\/\/encuentroinformativo.com.mx\/index.php?rest_route=\/wp\/v2\/posts\/48635\/revisions"}],"predecessor-version":[{"id":48637,"href":"https:\/\/encuentroinformativo.com.mx\/index.php?rest_route=\/wp\/v2\/posts\/48635\/revisions\/48637"}],"wp:featuredmedia":[{"embeddable":true,"href":"https:\/\/encuentroinformativo.com.mx\/index.php?rest_route=\/wp\/v2\/media\/48636"}],"wp:attachment":[{"href":"https:\/\/encuentroinformativo.com.mx\/index.php?rest_route=%2Fwp%2Fv2%2Fmedia&parent=48635"}],"wp:term":[{"taxonomy":"category","embeddable":true,"href":"https:\/\/encuentroinformativo.com.mx\/index.php?rest_route=%2Fwp%2Fv2%2Fcategories&post=48635"},{"taxonomy":"post_tag","embeddable":true,"href":"https:\/\/encuentroinformativo.com.mx\/index.php?rest_route=%2Fwp%2Fv2%2Ftags&post=48635"}],"curies":[{"name":"wp","href":"https:\/\/api.w.org\/{rel}","templated":true}]}}