{"id":48641,"date":"2023-12-18T12:42:02","date_gmt":"2023-12-18T18:42:02","guid":{"rendered":"https:\/\/encuentroinformativo.com.mx\/?p=48641"},"modified":"2023-12-18T12:42:06","modified_gmt":"2023-12-18T18:42:06","slug":"ardio-autobus-en-la-totutla-xalapa","status":"publish","type":"post","link":"https:\/\/encuentroinformativo.com.mx\/?p=48641","title":{"rendered":"Ardi\u00f3 autob\u00fas en la Totutla &#8211; Xalapa"},"content":{"rendered":"\n<p><strong>Dar\u00edo Pale <\/strong><\/p>\n\n\n\n<p>Xalapa, Ver.- La ma\u00f1ana de este lunes se incendi\u00f3 un autob\u00fas de pasajeros de la l\u00ednea Azteca en la Totutla -Xalapa, afortunadamente no hubo lesionados.<\/p>\n\n\n\n<p>De acuerdo con los primeros reportes, el incendio se habr\u00eda generado por una falla mec\u00e1nica y no habr\u00eda personas lesionadas por este incidente.<\/p>\n\n\n\n<p>Los hechos se registraron a la altura de la comunidad de El Vado, perteneciente al municipio de Tlaltetela, cerca del puente Los Pescados.<\/p>\n\n\n\n<p>Al sitio arribaron elementos del cuerpo de Bomberos de Coatepec, luego de que el chofer detectara humo y por lo que pidi\u00f3 a los pasajeros que bajaran inmediatamente.<\/p>\n\n\n\n<figure class=\"wp-block-image size-large\"><img loading=\"lazy\" decoding=\"async\" width=\"576\" height=\"1024\" src=\"https:\/\/encuentroinformativo.com.mx\/wp-content\/uploads\/2023\/12\/IMG-20231218-WA0031-576x1024.jpg\" alt=\"\" class=\"wp-image-48643\" srcset=\"https:\/\/encuentroinformativo.com.mx\/wp-content\/uploads\/2023\/12\/IMG-20231218-WA0031-576x1024.jpg 576w, https:\/\/encuentroinformativo.com.mx\/wp-content\/uploads\/2023\/12\/IMG-20231218-WA0031-169x300.jpg 169w, https:\/\/encuentroinformativo.com.mx\/wp-content\/uploads\/2023\/12\/IMG-20231218-WA0031-768x1365.jpg 768w, https:\/\/encuentroinformativo.com.mx\/wp-content\/uploads\/2023\/12\/IMG-20231218-WA0031-864x1536.jpg 864w, https:\/\/encuentroinformativo.com.mx\/wp-content\/uploads\/2023\/12\/IMG-20231218-WA0031.jpg 900w\" sizes=\"auto, (max-width: 576px) 100vw, 576px\" \/><\/figure>\n\n\n\n<figure class=\"wp-block-image size-large\"><img loading=\"lazy\" decoding=\"async\" width=\"1024\" height=\"576\" src=\"https:\/\/encuentroinformativo.com.mx\/wp-content\/uploads\/2023\/12\/IMG-20231218-WA0032-1024x576.jpg\" alt=\"\" class=\"wp-image-48644\" srcset=\"https:\/\/encuentroinformativo.com.mx\/wp-content\/uploads\/2023\/12\/IMG-20231218-WA0032-1024x576.jpg 1024w, https:\/\/encuentroinformativo.com.mx\/wp-content\/uploads\/2023\/12\/IMG-20231218-WA0032-300x169.jpg 300w, https:\/\/encuentroinformativo.com.mx\/wp-content\/uploads\/2023\/12\/IMG-20231218-WA0032-768x432.jpg 768w, https:\/\/encuentroinformativo.com.mx\/wp-content\/uploads\/2023\/12\/IMG-20231218-WA0032-1536x864.jpg 1536w, https:\/\/encuentroinformativo.com.mx\/wp-content\/uploads\/2023\/12\/IMG-20231218-WA0032.jpg 1600w\" sizes=\"auto, (max-width: 1024px) 100vw, 1024px\" \/><\/figure>\n","protected":false},"excerpt":{"rendered":"<p>Dar\u00edo Pale Xalapa, Ver.- La ma\u00f1ana de este lunes se incendi\u00f3 un autob\u00fas de pasajeros de la l\u00ednea Azteca en la Totutla -Xalapa, afortunadamente no hubo lesionados. De acuerdo con los primeros reportes, el incendio se habr\u00eda generado por una falla mec\u00e1nica y no habr\u00eda personas lesionadas por este incidente. Los hechos se registraron a [&hellip;]<\/p>\n","protected":false},"author":2476,"featured_media":48642,"comment_status":"open","ping_status":"open","sticky":false,"template":"","format":"standard","meta":{"_jetpack_memberships_contains_paid_content":false,"footnotes":""},"categories":[8],"tags":[],"class_list":["post-48641","post","type-post","status-publish","format-standard","has-post-thumbnail","hentry","category-region"],"jetpack_featured_media_url":"https:\/\/encuentroinformativo.com.mx\/wp-content\/uploads\/2023\/12\/IMG-20231218-WA0034.jpg","jetpack_sharing_enabled":true,"jetpack_likes_enabled":true,"amp_enabled":true,"_links":{"self":[{"href":"https:\/\/encuentroinformativo.com.mx\/index.php?rest_route=\/wp\/v2\/posts\/48641","targetHints":{"allow":["GET"]}}],"collection":[{"href":"https:\/\/encuentroinformativo.com.mx\/index.php?rest_route=\/wp\/v2\/posts"}],"about":[{"href":"https:\/\/encuentroinformativo.com.mx\/index.php?rest_route=\/wp\/v2\/types\/post"}],"author":[{"embeddable":true,"href":"https:\/\/encuentroinformativo.com.mx\/index.php?rest_route=\/wp\/v2\/users\/2476"}],"replies":[{"embeddable":true,"href":"https:\/\/encuentroinformativo.com.mx\/index.php?rest_route=%2Fwp%2Fv2%2Fcomments&post=48641"}],"version-history":[{"count":1,"href":"https:\/\/encuentroinformativo.com.mx\/index.php?rest_route=\/wp\/v2\/posts\/48641\/revisions"}],"predecessor-version":[{"id":48645,"href":"https:\/\/encuentroinformativo.com.mx\/index.php?rest_route=\/wp\/v2\/posts\/48641\/revisions\/48645"}],"wp:featuredmedia":[{"embeddable":true,"href":"https:\/\/encuentroinformativo.com.mx\/index.php?rest_route=\/wp\/v2\/media\/48642"}],"wp:attachment":[{"href":"https:\/\/encuentroinformativo.com.mx\/index.php?rest_route=%2Fwp%2Fv2%2Fmedia&parent=48641"}],"wp:term":[{"taxonomy":"category","embeddable":true,"href":"https:\/\/encuentroinformativo.com.mx\/index.php?rest_route=%2Fwp%2Fv2%2Fcategories&post=48641"},{"taxonomy":"post_tag","embeddable":true,"href":"https:\/\/encuentroinformativo.com.mx\/index.php?rest_route=%2Fwp%2Fv2%2Ftags&post=48641"}],"curies":[{"name":"wp","href":"https:\/\/api.w.org\/{rel}","templated":true}]}}