{"id":48646,"date":"2023-12-18T12:49:44","date_gmt":"2023-12-18T18:49:44","guid":{"rendered":"https:\/\/encuentroinformativo.com.mx\/?p=48646"},"modified":"2023-12-18T12:49:48","modified_gmt":"2023-12-18T18:49:48","slug":"en-menos-de-dos-meses-han-desaparecido-80-personas-senalan-colectivos","status":"publish","type":"post","link":"https:\/\/encuentroinformativo.com.mx\/?p=48646","title":{"rendered":"En menos de dos meses han desaparecido 80 personas, se\u00f1alan Colectivos"},"content":{"rendered":"\n<p><strong>Juan Arcos <\/strong><\/p>\n\n\n\n<p>Xalapa, Ver.- De noviembre a la fecha hay reporte de m\u00e1s de 80 personas desaparecidas en el estado de Veracruz, seg\u00fan cifras de la misma Comisi\u00f3n Estatal de B\u00fasqueda. Por ello, resulta una \u201cburla\u201d para las v\u00edctimas que a nivel nacional hayan sido \u201crasuradas\u201d las cifras correspondientes.<\/p>\n\n\n\n<p>As\u00ed lo denunci\u00f3 Sara Gonz\u00e1lez Rodr\u00edguez, integrante del Colectivo por la Paz Xalapa, quien busca a su hijo Ivanhoe Mass Gonz\u00e1lez, visto por \u00faltima vez el 14 de marzo de 2010 en la playa \u201cLa Bamba\u201d, en el puerto de Veracruz.<\/p>\n\n\n\n<p>\u201cDicen que aqu\u00ed no est\u00e1 pasando absolutamente nada, que todo est\u00e1 en santa calma cuando desde noviembre para ac\u00e1 llevamos 80 y tantos desaparecidos. Y lo tiene la Comisi\u00f3n Estatal de B\u00fasqueda porque est\u00e1n emitiendo las fichas\u201d.<\/p>\n\n\n\n<p>En conferencia de prensa, la madre de familia adelant\u00f3 que habr\u00e1 protestas tambi\u00e9n en Xalapa, Veracruz y otras ciudades de la entidad, para exigir la creaci\u00f3n de un padr\u00f3n \u201creal\u201d de desaparecidos en el pa\u00eds.<\/p>\n\n\n\n<p>&#8220;De hecho, se convoc\u00f3 a todos los colectivos con la finalidad de hacernos visibles y estar en la misma exigencia porque el gobierno ya se acostumbr\u00f3 a estas burlas que nos est\u00e1n haciendo, este maltrato que nos est\u00e1n haciendo, maltratando nuestros derechos humanos\u201d.<\/p>\n\n\n\n<p>Tambi\u00e9n reclamar\u00e1n a las autoridades federales que den una disculpa p\u00fablica por minimizar la cifra de desaparecidos en la Rep\u00fablica Mexicana.<\/p>\n\n\n\n<p>\u201cHay cinco estados donde est\u00e1 el mayor \u00edndice de desaparici\u00f3n forzada, como Tamaulipas, Guerrero, Veracruz, Sinaloa, pero el primer lugar lo lleva Veracruz\u201d, a\u00f1adi\u00f3 Sara Gonz\u00e1lez.<\/p>\n\n\n\n<p>Record\u00f3 que el presidente de la Rep\u00fablica, Andr\u00e9s Manuel L\u00f3pez Obrador, en su conferencia \u201cma\u00f1anera\u201d del pasado 14 de diciembre, redujo la cifra de desaparecidos en el pa\u00eds a 12 mil 377, cuando hay muchos casos m\u00e1s a nivel nacional.<\/p>\n\n\n\n<p>\u201cEs lo que estamos exigiendo, un censo real de los desaparecidos, no mentiras, no m\u00e1s mentiras, no m\u00e1s da\u00f1o a nuestros derechos, no m\u00e1s desaparecidos, no m\u00e1s desaparecidos. Y a AMLO principalmente que aparezca a los desaparecidos que est\u00e1 desapareciendo\u201d, remat\u00f3 Gonz\u00e1lez Rodr\u00edguez.<\/p>\n","protected":false},"excerpt":{"rendered":"<p>Juan Arcos Xalapa, Ver.- De noviembre a la fecha hay reporte de m\u00e1s de 80 personas desaparecidas en el estado de Veracruz, seg\u00fan cifras de la misma Comisi\u00f3n Estatal de B\u00fasqueda. Por ello, resulta una \u201cburla\u201d para las v\u00edctimas que a nivel nacional hayan sido \u201crasuradas\u201d las cifras correspondientes. As\u00ed lo denunci\u00f3 Sara Gonz\u00e1lez Rodr\u00edguez, [&hellip;]<\/p>\n","protected":false},"author":2476,"featured_media":48647,"comment_status":"open","ping_status":"open","sticky":false,"template":"","format":"standard","meta":{"_jetpack_memberships_contains_paid_content":false,"footnotes":""},"categories":[3],"tags":[],"class_list":["post-48646","post","type-post","status-publish","format-standard","has-post-thumbnail","hentry","category-xalapa"],"jetpack_featured_media_url":"https:\/\/encuentroinformativo.com.mx\/wp-content\/uploads\/2023\/12\/IMG_3853.jpg","jetpack_sharing_enabled":true,"jetpack_likes_enabled":true,"amp_enabled":true,"_links":{"self":[{"href":"https:\/\/encuentroinformativo.com.mx\/index.php?rest_route=\/wp\/v2\/posts\/48646","targetHints":{"allow":["GET"]}}],"collection":[{"href":"https:\/\/encuentroinformativo.com.mx\/index.php?rest_route=\/wp\/v2\/posts"}],"about":[{"href":"https:\/\/encuentroinformativo.com.mx\/index.php?rest_route=\/wp\/v2\/types\/post"}],"author":[{"embeddable":true,"href":"https:\/\/encuentroinformativo.com.mx\/index.php?rest_route=\/wp\/v2\/users\/2476"}],"replies":[{"embeddable":true,"href":"https:\/\/encuentroinformativo.com.mx\/index.php?rest_route=%2Fwp%2Fv2%2Fcomments&post=48646"}],"version-history":[{"count":1,"href":"https:\/\/encuentroinformativo.com.mx\/index.php?rest_route=\/wp\/v2\/posts\/48646\/revisions"}],"predecessor-version":[{"id":48648,"href":"https:\/\/encuentroinformativo.com.mx\/index.php?rest_route=\/wp\/v2\/posts\/48646\/revisions\/48648"}],"wp:featuredmedia":[{"embeddable":true,"href":"https:\/\/encuentroinformativo.com.mx\/index.php?rest_route=\/wp\/v2\/media\/48647"}],"wp:attachment":[{"href":"https:\/\/encuentroinformativo.com.mx\/index.php?rest_route=%2Fwp%2Fv2%2Fmedia&parent=48646"}],"wp:term":[{"taxonomy":"category","embeddable":true,"href":"https:\/\/encuentroinformativo.com.mx\/index.php?rest_route=%2Fwp%2Fv2%2Fcategories&post=48646"},{"taxonomy":"post_tag","embeddable":true,"href":"https:\/\/encuentroinformativo.com.mx\/index.php?rest_route=%2Fwp%2Fv2%2Ftags&post=48646"}],"curies":[{"name":"wp","href":"https:\/\/api.w.org\/{rel}","templated":true}]}}