{"id":48658,"date":"2023-12-18T14:48:54","date_gmt":"2023-12-18T20:48:54","guid":{"rendered":"https:\/\/encuentroinformativo.com.mx\/?p=48658"},"modified":"2023-12-18T14:49:00","modified_gmt":"2023-12-18T20:49:00","slug":"rechazan-colectivos-informe-oficial-de-personas-desaparecidas","status":"publish","type":"post","link":"https:\/\/encuentroinformativo.com.mx\/?p=48658","title":{"rendered":"Rechazan colectivos informe oficial de personas desaparecidas"},"content":{"rendered":"\n<p><strong>Dar\u00edo Pale <\/strong><\/p>\n\n\n\n<p>Xalapa, Ver.- Sara Rodr\u00edguez Gonz\u00e1lez, presidenta del Colectivo por la Paz Xalapa, dio a conocer que diferentes colectivos est\u00e1n en contra de la declaraci\u00f3n del presidente de M\u00e9xico Andr\u00e9s Manuel L\u00f3pez Obrador en cuanto a desaparecidos.<\/p>\n\n\n\n<p>En conferencia de prensa integrantes de Colectivos de B\u00fasqueda de Personas Desaparecidas rechazaron el informe presentado por el presidente de la Rep\u00fablica, sobre personas desaparecidas que se\u00f1ala que la cifra baj\u00f3 de 110 mil a 12 mil, al aseverar que se ha actuado con ignorancia, falta de sensibilidad, discriminaci\u00f3n y violentando los derechos de las familias.<\/p>\n\n\n\n<p>Se\u00f1alaron que con la Estrategia Nacional de B\u00fasqueda Generalizada de Personas Desaparecidas el gobierno de M\u00e9xico pretende \u201cdesaparecer a los desaparecidos\u201d.<\/p>\n\n\n\n<p>Se\u00f1al\u00f3 que dicha estrategia no incluy\u00f3 a familias que llevan a\u00f1os sin encontrar a sus seres queridos, ya que no fueron censadas o consultadas para la elaboraci\u00f3n del censo que present\u00f3 el mandatario federal el pasado 14 de diciembre durante la conferencia de prensa de la ma\u00f1ana.<\/p>\n\n\n\n<p>Record\u00f3 que Tamaulipas, Guerrero, Veracruz y Sinaloa son los estados en los que m\u00e1s casos de desapariciones se registran, siendo Veracruz el que tiene el mayor n\u00famero de registros.<\/p>\n\n\n\n<p>\u201cDe noviembre a la fecha tenemos m\u00e1s de 80 desparecidos, cifras que se generan con las fichas de b\u00fasqueda, m\u00e1s lo que no denuncian, m\u00e1s los que son intimidados, queremos que exista un censo real de los desaparecidos, no m\u00e1s mentiras, no m\u00e1s violaciones a los derechos\u201d, se\u00f1al\u00f3.<\/p>\n\n\n\n<p>Destac\u00f3 que a la fecha se han unido Colectivos de 16 estados de la Rep\u00fablica Mexicana y la Ciudad de M\u00e9xico, quienes han exigido al gobierno federal atender la crisis de desapariciones que se registra en el pa\u00eds.<\/p>\n\n\n\n<p>\u201cTodos estamos en el mismo tenor de que se esclarezca esto porque ya son muchos a\u00f1os en los que hemos sido afectados&#8221;, coment\u00f3.<\/p>\n\n\n\n<p>&#8220;Rechazamos el informe del presidente sobre la supuesta actualizaci\u00f3n de las cifras de personas desaparecidas que sin transparencia desaparecen a las personas desaparecidas, exigimos que el gobierno federal y los gobiernos estatales, as\u00ed como las Comisiones de B\u00fasqueda nacional y estatales busquen a los m\u00e1s de 110 mil mujeres y hombres, ni\u00f1os, ni\u00f1as, adolescentes desaparecidos en el pa\u00eds\u201d, agrego.<\/p>\n\n\n\n<p>Se\u00f1alaron que en el informe presentado por el mandatario federal el pasado 14 de diciembre en la conferencia de prensa de la ma\u00f1ana sobre el censo realizado por el gobierno federal, a trav\u00e9s de los servidores de la naci\u00f3n violent\u00f3 los supuestos establecidos en materia de desaparici\u00f3n forzada de personas.<\/p>\n\n\n\n<p>Adem\u00e1s, manifestaron que se miente en el caso a que el n\u00famero de personas desaparecidas se reduce a 12 mil 377, ya que existe una falta transparencia en las cifras presentadas, se viol\u00f3 lo establecido en el art\u00edculo 5 de la Ley General de V\u00edctimas, representa la ausencia de m\u00e1xima protecci\u00f3n, se criminaliza a las v\u00edctimas, se discrimina y se hace una victimizaci\u00f3n secundaria al minimizar la lucha de las familias con juicios de valor infundados.<\/p>\n\n\n\n<p>\u201cNo aceptamos que reduzca a 12 mil 377 las personas que, dice, se ha confirmado su desaparici\u00f3n, no aceptamos que de 36 mil personas se diga que no tienen indicios para buscarlas, el presidente y sus subordinados desconocen el deber legal que tienen como Estado mexicano y gobierno para investigar a trav\u00e9s de las Fiscal\u00edas, todos los datos suficientes para buscar y todos los indicios para buscar y encontrar a nuestros familiares, desconoce las atribuciones legales de b\u00fasqueda y las de las entidades para realizar dicha tarea\u201d, expusieron.<\/p>\n\n\n\n<p>Denunciaron, adem\u00e1s, la falta de responsabilidad y sensibilidad de los servidores p\u00fablicos que supuestamente depuraron los datos, as\u00ed como la falacia de las cifras que presentaron.<\/p>\n\n\n\n<p>\u201cEs una incongruencia que digan que hay 123 mil personas desaparecidas, mientras en los forenses y las fosas comunes de todo el pa\u00eds su gobierno report\u00f3 que hay al menos 50 mil personas fallecidas sin identificar, lo que significa que est\u00e1n desaparecidas, rechazamos cualquier lineamiento de elaborar lineamientos ajenos a la Ley en Materia de Desaparici\u00f3n de Personas\u201d, comentaron.<\/p>\n\n\n\n<p>Ante ello, exigieron a las autoridades que se cumplan con los derechos adquiridos como familiares de personas desaparecidas.<\/p>\n\n\n\n<p>\u201cExigimos que con car\u00e1cter de urgente se elabore la legislaci\u00f3n en materia de desaparici\u00f3n y b\u00fasqueda de personas desaparecidas y se atienda los casos de las m\u00e1s de 56 mil personas sin identificar, que el presidente atienda la crisis de desaparici\u00f3n que hay en su gobierno, exigimos una disculpa p\u00fablica por sus cifras y la falta de sensibilidad\u201d, destacaron.<\/p>\n\n\n\n<p>Asimismo, dejaron en claro que si se organizan y presentan amparos es porque se ha incumplido con las promesas para buscar, localizar, identificar a quienes se localiza sin vida y detener la violencia para quienes se localiza sin vida y detener la violencia para erradicar la privaci\u00f3n de la libertad.<\/p>\n\n\n\n<p>Finalmente coment\u00f3 que, &#8220;el gobierno ya se acostumbr\u00f3 a estar burlas que nos est\u00e1n haciendo, estamos en una lamentable desgracia que hay gente que se dedica a delitos graves, pero un servidor p\u00fablico desapareciendo a la gente es una burla para nosotros\u201d.<\/p>\n","protected":false},"excerpt":{"rendered":"<p>Dar\u00edo Pale Xalapa, Ver.- Sara Rodr\u00edguez Gonz\u00e1lez, presidenta del Colectivo por la Paz Xalapa, dio a conocer que diferentes colectivos est\u00e1n en contra de la declaraci\u00f3n del presidente de M\u00e9xico Andr\u00e9s Manuel L\u00f3pez Obrador en cuanto a desaparecidos. En conferencia de prensa integrantes de Colectivos de B\u00fasqueda de Personas Desaparecidas rechazaron el informe presentado por [&hellip;]<\/p>\n","protected":false},"author":2476,"featured_media":48659,"comment_status":"open","ping_status":"open","sticky":false,"template":"","format":"standard","meta":{"_jetpack_memberships_contains_paid_content":false,"footnotes":""},"categories":[2],"tags":[],"class_list":["post-48658","post","type-post","status-publish","format-standard","has-post-thumbnail","hentry","category-estado"],"jetpack_featured_media_url":"https:\/\/encuentroinformativo.com.mx\/wp-content\/uploads\/2023\/12\/IMG-20231218-WA0059.jpg","jetpack_sharing_enabled":true,"jetpack_likes_enabled":true,"amp_enabled":true,"_links":{"self":[{"href":"https:\/\/encuentroinformativo.com.mx\/index.php?rest_route=\/wp\/v2\/posts\/48658","targetHints":{"allow":["GET"]}}],"collection":[{"href":"https:\/\/encuentroinformativo.com.mx\/index.php?rest_route=\/wp\/v2\/posts"}],"about":[{"href":"https:\/\/encuentroinformativo.com.mx\/index.php?rest_route=\/wp\/v2\/types\/post"}],"author":[{"embeddable":true,"href":"https:\/\/encuentroinformativo.com.mx\/index.php?rest_route=\/wp\/v2\/users\/2476"}],"replies":[{"embeddable":true,"href":"https:\/\/encuentroinformativo.com.mx\/index.php?rest_route=%2Fwp%2Fv2%2Fcomments&post=48658"}],"version-history":[{"count":1,"href":"https:\/\/encuentroinformativo.com.mx\/index.php?rest_route=\/wp\/v2\/posts\/48658\/revisions"}],"predecessor-version":[{"id":48660,"href":"https:\/\/encuentroinformativo.com.mx\/index.php?rest_route=\/wp\/v2\/posts\/48658\/revisions\/48660"}],"wp:featuredmedia":[{"embeddable":true,"href":"https:\/\/encuentroinformativo.com.mx\/index.php?rest_route=\/wp\/v2\/media\/48659"}],"wp:attachment":[{"href":"https:\/\/encuentroinformativo.com.mx\/index.php?rest_route=%2Fwp%2Fv2%2Fmedia&parent=48658"}],"wp:term":[{"taxonomy":"category","embeddable":true,"href":"https:\/\/encuentroinformativo.com.mx\/index.php?rest_route=%2Fwp%2Fv2%2Fcategories&post=48658"},{"taxonomy":"post_tag","embeddable":true,"href":"https:\/\/encuentroinformativo.com.mx\/index.php?rest_route=%2Fwp%2Fv2%2Ftags&post=48658"}],"curies":[{"name":"wp","href":"https:\/\/api.w.org\/{rel}","templated":true}]}}