{"id":48671,"date":"2023-12-18T15:40:12","date_gmt":"2023-12-18T21:40:12","guid":{"rendered":"https:\/\/encuentroinformativo.com.mx\/?p=48671"},"modified":"2023-12-18T15:40:16","modified_gmt":"2023-12-18T21:40:16","slug":"ante-reclamos-niega-gobernador-tener-adeudos-con-magisterio","status":"publish","type":"post","link":"https:\/\/encuentroinformativo.com.mx\/?p=48671","title":{"rendered":"Ante reclamos, niega Gobernador tener adeudos con magisterio"},"content":{"rendered":"\n<p><strong>Dar\u00edo Pale <\/strong><\/p>\n\n\n\n<p>Xalapa, Ver.- Sostiene el Gobernador Cuitl\u00e1huac Garc\u00eda Jim\u00e9nez que no se le debe a los trabajadores de la Secretar\u00eda de Educaci\u00f3n de Veracruz (SEV), les dice a maestros que no coman ansias, s\u00ed tienen dinero para hacer pagos.\u00a0<\/p>\n\n\n\n<p>En conferencia de prensa se\u00f1al\u00f3 que ante la falta de algunos pagos a los trabajadores del sector educativo, neg\u00f3 que tengan adeudos pendientes, explic\u00f3 que se les pag\u00f3 la quincena 23 de manera normal y en los siguientes d\u00edas se pagar\u00e1 &#8220;lo que sigue&#8221;.<\/p>\n\n\n\n<p>Afirm\u00f3 que no se esperan hasta el 31 de diciembre para pagarles la siguiente quincena, se paga antes, por ah\u00ed del d\u00eda 22, por lo que van de acuerdo a la calendarizaci\u00f3n acordada.<\/p>\n\n\n\n<p>&#8220;Se va a pagar, sin problema, en tiempo se van a pagar las prestaciones. No hay atraso, vuelvo a decir, es decir, que t\u00fa quieras tener todo el d\u00eda 15 es una cosa&#8221;, se\u00f1al\u00f3.<\/p>\n\n\n\n<p>&#8220;Los maestros lo sabemos, yo recib\u00eda mis quincenas en diciembre siempre as\u00ed, el d\u00eda 15 o 16 recibes tu quincena y la parte del aguinaldo y despu\u00e9s esperabas la siguiente parte, por ah\u00ed del 22, 23, antes del 24&#8221;, coment\u00f3.<\/p>\n\n\n\n<p>Finalmente Garc\u00eda Jim\u00e9nez asegur\u00f3 que s\u00ed tienen el dinero para hacer todos los pagos, pero de acuerdo a la calendarizaci\u00f3n, por ello, pidi\u00f3 a los maestros y trabajadores educativos que no coman &#8220;ansias&#8221;.<\/p>\n","protected":false},"excerpt":{"rendered":"<p>Dar\u00edo Pale Xalapa, Ver.- Sostiene el Gobernador Cuitl\u00e1huac Garc\u00eda Jim\u00e9nez que no se le debe a los trabajadores de la Secretar\u00eda de Educaci\u00f3n de Veracruz (SEV), les dice a maestros que no coman ansias, s\u00ed tienen dinero para hacer pagos.\u00a0 En conferencia de prensa se\u00f1al\u00f3 que ante la falta de algunos pagos a los trabajadores [&hellip;]<\/p>\n","protected":false},"author":2476,"featured_media":48672,"comment_status":"open","ping_status":"open","sticky":false,"template":"","format":"standard","meta":{"_jetpack_memberships_contains_paid_content":false,"footnotes":""},"categories":[2],"tags":[],"class_list":["post-48671","post","type-post","status-publish","format-standard","has-post-thumbnail","hentry","category-estado"],"jetpack_featured_media_url":"https:\/\/encuentroinformativo.com.mx\/wp-content\/uploads\/2023\/12\/IMG-20231218-WA00932.jpg","jetpack_sharing_enabled":true,"jetpack_likes_enabled":true,"amp_enabled":true,"_links":{"self":[{"href":"https:\/\/encuentroinformativo.com.mx\/index.php?rest_route=\/wp\/v2\/posts\/48671","targetHints":{"allow":["GET"]}}],"collection":[{"href":"https:\/\/encuentroinformativo.com.mx\/index.php?rest_route=\/wp\/v2\/posts"}],"about":[{"href":"https:\/\/encuentroinformativo.com.mx\/index.php?rest_route=\/wp\/v2\/types\/post"}],"author":[{"embeddable":true,"href":"https:\/\/encuentroinformativo.com.mx\/index.php?rest_route=\/wp\/v2\/users\/2476"}],"replies":[{"embeddable":true,"href":"https:\/\/encuentroinformativo.com.mx\/index.php?rest_route=%2Fwp%2Fv2%2Fcomments&post=48671"}],"version-history":[{"count":1,"href":"https:\/\/encuentroinformativo.com.mx\/index.php?rest_route=\/wp\/v2\/posts\/48671\/revisions"}],"predecessor-version":[{"id":48673,"href":"https:\/\/encuentroinformativo.com.mx\/index.php?rest_route=\/wp\/v2\/posts\/48671\/revisions\/48673"}],"wp:featuredmedia":[{"embeddable":true,"href":"https:\/\/encuentroinformativo.com.mx\/index.php?rest_route=\/wp\/v2\/media\/48672"}],"wp:attachment":[{"href":"https:\/\/encuentroinformativo.com.mx\/index.php?rest_route=%2Fwp%2Fv2%2Fmedia&parent=48671"}],"wp:term":[{"taxonomy":"category","embeddable":true,"href":"https:\/\/encuentroinformativo.com.mx\/index.php?rest_route=%2Fwp%2Fv2%2Fcategories&post=48671"},{"taxonomy":"post_tag","embeddable":true,"href":"https:\/\/encuentroinformativo.com.mx\/index.php?rest_route=%2Fwp%2Fv2%2Ftags&post=48671"}],"curies":[{"name":"wp","href":"https:\/\/api.w.org\/{rel}","templated":true}]}}