{"id":48680,"date":"2023-12-19T09:02:04","date_gmt":"2023-12-19T15:02:04","guid":{"rendered":"https:\/\/encuentroinformativo.com.mx\/?p=48680"},"modified":"2023-12-19T09:02:13","modified_gmt":"2023-12-19T15:02:13","slug":"pepe-america-xochitl-azul","status":"publish","type":"post","link":"https:\/\/encuentroinformativo.com.mx\/?p=48680","title":{"rendered":"PEPE, AM\u00c9RICA; X\u00d3CHITL, AZUL"},"content":{"rendered":"\n<p id=\"m_7758443605351749697m_-1304089755747728792docs-internal-guid-d8e1d7cb-7f6f-b8c0-877a-2e7225b67c6f\"><strong>Los Pol\u00edticos<\/strong><\/p>\n\n\n\n<p><strong>Salvador Mu\u00f1oz<\/strong><\/p>\n\n\n\n<p>\u00bfFutbol y pol\u00edtica? S\u00ed se puede.<\/p>\n\n\n\n<p>Hay dos detalles que llamaron mi atenci\u00f3n en la gira de X\u00f3chitl por Perote y Boca del R\u00edo\u2026<\/p>\n\n\n\n<p>El primero trata cuando corean a Pepe Yunes \u201cGobernador\u201d y el perote\u00f1o ataja las buenas intenciones advirtiendo que para ello, hay que alcanzar el 1 mill\u00f3n y medio de votos el d\u00eda de la elecci\u00f3n.<\/p>\n\n\n\n<p>Los c\u00e1lculos electorales de la alianza PAN, PRI y PRD advierten que para lograr el triunfo este 2024, hay que alcanzar esta cifra pero a la vez, dan a entender que de acuerdo a sus prospectivas, entonces Morena y sus aliados han de alcanzar este 2024, menos del 1 mill\u00f3n y medio de votos en esta pr\u00f3xima elecci\u00f3n.<\/p>\n\n\n\n<p>Es decir, de acuerdo a esos c\u00e1lculos electorales que no creemos que est\u00e9n cargados de optimismo, sino elaborados por estudios serios por parte de los aliados de la Oposici\u00f3n, Roc\u00edo Nahle ha de bajar hasta cierto punto dr\u00e1sticamente los 1 mill\u00f3n 600 mil que obtuvo Morena (que no Cuitl\u00e1huac) en el 2018. \u00bfUn mill\u00f3n 200 mil acaso?<\/p>\n\n\n\n<p>Lo inmediato que da certeza a las buenas pretensiones de la Oposici\u00f3n es que ninguna elecci\u00f3n se comporta igual que la anterior porque si as\u00ed fuera, la aritm\u00e9tica bienintencionada de quienes quieren a Pepe hacen que su optimismo simplista, ya lo hagan ganador con n\u00fameros del 2018: 1 mill\u00f3n 500 mil votos de Miguel \u00c1ngel Yunes M\u00e1rquez m\u00e1s los 500 mil y cacho de Pepe Yunes, \u00a1le dan 2 millones para este 2024!<\/p>\n\n\n\n<p>Si as\u00ed fuera, creo que los panistas estar\u00edan de acuerdo: entonces, el candidato no ser\u00eda Pepe, sino Chiquiyunes!<\/p>\n\n\n\n<p>En concreto: la Oposici\u00f3n tiene ya fijada una meta\u2026 aunque mi recomendaci\u00f3n por experiencia propia es que se fijen m\u00e1s metas, \u201cporque entre m\u00e1s metas, mejor!\u201d<\/p>\n\n\n\n<p>El otro detalle que llam\u00f3 mi atenci\u00f3n se dio en el sal\u00f3n Baalbeck, cuando inicia su discurso X\u00f3chitl y comenta, quiz\u00e1s al ver a alguien con un distintivo del equipo campe\u00f3n Am\u00e9rica, que crey\u00f3 que los veracruzanos le iban a los Tiburones Rojos, a la vez que preguntaba qui\u00e9nes eran aficionados del Am\u00e9rica. Atr\u00e1s de ella, Pepe Yunes dio un paso al frente con botella de agua en mano\u2026 pens\u00e9 que iba a alzar la mano pero s\u00f3lo volte\u00f3 a su izquierda, se llev\u00f3 la botella a la boca, ech\u00f3 un trago y opt\u00f3 por esconder su americanismo mientras X\u00f3chitl dec\u00eda que ella era cruzazulina ante la ovaci\u00f3n de los presentes\u2026<\/p>\n\n\n\n<p>S\u00ed, Pepe no deja de ser Pepe\u2026 el caballero de la pol\u00edtica\u2026 el mismo personaje de hace seis a\u00f1os, de hace 10, de hace 20\u2026 el mismo\u2026 no cambia\u2026<\/p>\n\n\n\n<p>Por cierto, entre los malquerientes de H\u00e9ctor Yunes Landa, quien se fue a ver el partido de la final del Am\u00e9rica contra Tigres, no falt\u00f3 quien dijera que el chole\u00f1o prefiri\u00f3 irse con los ganadores que con la del Cruz Azul\u2026<\/p>\n","protected":false},"excerpt":{"rendered":"<p>Los Pol\u00edticos Salvador Mu\u00f1oz \u00bfFutbol y pol\u00edtica? S\u00ed se puede. Hay dos detalles que llamaron mi atenci\u00f3n en la gira de X\u00f3chitl por Perote y Boca del R\u00edo\u2026 El primero trata cuando corean a Pepe Yunes \u201cGobernador\u201d y el perote\u00f1o ataja las buenas intenciones advirtiendo que para ello, hay que alcanzar el 1 mill\u00f3n y [&hellip;]<\/p>\n","protected":false},"author":2476,"featured_media":387,"comment_status":"open","ping_status":"open","sticky":false,"template":"","format":"standard","meta":{"_jetpack_memberships_contains_paid_content":false,"footnotes":""},"categories":[11],"tags":[],"class_list":["post-48680","post","type-post","status-publish","format-standard","has-post-thumbnail","hentry","category-opinion"],"jetpack_featured_media_url":"https:\/\/encuentroinformativo.com.mx\/wp-content\/uploads\/2020\/03\/7CF8A22B-2764-47BE-8F7F-38FE9E5D6A2F.jpeg","jetpack_sharing_enabled":true,"jetpack_likes_enabled":true,"amp_enabled":true,"_links":{"self":[{"href":"https:\/\/encuentroinformativo.com.mx\/index.php?rest_route=\/wp\/v2\/posts\/48680","targetHints":{"allow":["GET"]}}],"collection":[{"href":"https:\/\/encuentroinformativo.com.mx\/index.php?rest_route=\/wp\/v2\/posts"}],"about":[{"href":"https:\/\/encuentroinformativo.com.mx\/index.php?rest_route=\/wp\/v2\/types\/post"}],"author":[{"embeddable":true,"href":"https:\/\/encuentroinformativo.com.mx\/index.php?rest_route=\/wp\/v2\/users\/2476"}],"replies":[{"embeddable":true,"href":"https:\/\/encuentroinformativo.com.mx\/index.php?rest_route=%2Fwp%2Fv2%2Fcomments&post=48680"}],"version-history":[{"count":1,"href":"https:\/\/encuentroinformativo.com.mx\/index.php?rest_route=\/wp\/v2\/posts\/48680\/revisions"}],"predecessor-version":[{"id":48681,"href":"https:\/\/encuentroinformativo.com.mx\/index.php?rest_route=\/wp\/v2\/posts\/48680\/revisions\/48681"}],"wp:featuredmedia":[{"embeddable":true,"href":"https:\/\/encuentroinformativo.com.mx\/index.php?rest_route=\/wp\/v2\/media\/387"}],"wp:attachment":[{"href":"https:\/\/encuentroinformativo.com.mx\/index.php?rest_route=%2Fwp%2Fv2%2Fmedia&parent=48680"}],"wp:term":[{"taxonomy":"category","embeddable":true,"href":"https:\/\/encuentroinformativo.com.mx\/index.php?rest_route=%2Fwp%2Fv2%2Fcategories&post=48680"},{"taxonomy":"post_tag","embeddable":true,"href":"https:\/\/encuentroinformativo.com.mx\/index.php?rest_route=%2Fwp%2Fv2%2Ftags&post=48680"}],"curies":[{"name":"wp","href":"https:\/\/api.w.org\/{rel}","templated":true}]}}