{"id":48685,"date":"2023-12-19T12:15:53","date_gmt":"2023-12-19T18:15:53","guid":{"rendered":"https:\/\/encuentroinformativo.com.mx\/?p=48685"},"modified":"2023-12-19T12:15:58","modified_gmt":"2023-12-19T18:15:58","slug":"al-presidente-le-incomodan-los-organismos-autonomos-carlos-valenzuela","status":"publish","type":"post","link":"https:\/\/encuentroinformativo.com.mx\/?p=48685","title":{"rendered":"Al presidente le incomodan los organismos aut\u00f3nomos: Carlos Valenzuela"},"content":{"rendered":"\n<p><strong>Alejandro \u00c1vila<\/strong><\/p>\n\n\n\n<p>Boca del R\u00edo, Ver.- El diputado federal panista, Carlos Alberto Valenzuela Gonz\u00e1lez, asegur\u00f3 que al presidente de M\u00e9xico, Andr\u00e9s Manuel L\u00f3pez Obrador, aparentemente le incomodan los organismos aut\u00f3nomos.<\/p>\n\n\n\n<p>Prueba de ello, son los reciente ataque que ha tenido en contra de la Suprema Corte de Justicia, el INE, el INAI y el INEGI.<\/p>\n\n\n\n<p>&#8220;Al presidente le incomoda la divisi\u00f3n de poderes y es por ello su constante ataque en su momento al INE, cuando el INE no se alineaba a su poder, ahora que despu\u00e9s del proceso de insaculaci\u00f3n hay una presidenta del INE a fin a la Cuarta Transformaci\u00f3n, pues el enemigo del presidente dej\u00f3 de ser Lorenzo C\u00f3rdova, para ahora enfocar sus bater\u00edas en Norma Pi\u00f1a, la Ministra Presidenta de la Suprema Corte, que tambi\u00e9n, el mismo ejemplo y el mismo caso, cuando un organismo aut\u00f3nomo no era aut\u00f3nomo, como en el caso de la Suprema Corte de Justicia de la Naci\u00f3n, donde hab\u00eda un porrista de la Cuarta Transformaci\u00f3n, demostrado en la figura de Zald\u00edvar, ah\u00ed no ten\u00eda problemas el presidente con esos organismos aut\u00f3nomos, pero cuando esos organismos aut\u00f3nomos son realmente aut\u00f3nomos y muestran diversidad de pensamiento con el presidente L\u00f3pez Obrador, ah\u00ed s\u00ed viene el ataque, a veces un ataque p\u00fablico a trav\u00e9s de Las Ma\u00f1aneras, pero sobre todo nota que presupuestal&#8221;, sentenci\u00f3.<\/p>\n\n\n\n<p>El panista dijo que no solo estos organismos aut\u00f3nomos han sufrido de la ira del presidente de la rep\u00fablica, sino tambi\u00e9n entidades federativas que no comulgan con su idea de gobernar, tales como municipios y Estados administrados por la oposici\u00f3n.<\/p>\n\n\n\n<p>Este lunes, el diputado federal, Carlos Valenzuela Gonz\u00e1lez, rindi\u00f3 su Segundo Informe de Labores Legislativas de su segundo periodo como servidor p\u00fablico, en la colonia Villa Rica del municipio de Boca del R\u00edo.<\/p>\n","protected":false},"excerpt":{"rendered":"<p>Alejandro \u00c1vila Boca del R\u00edo, Ver.- El diputado federal panista, Carlos Alberto Valenzuela Gonz\u00e1lez, asegur\u00f3 que al presidente de M\u00e9xico, Andr\u00e9s Manuel L\u00f3pez Obrador, aparentemente le incomodan los organismos aut\u00f3nomos. Prueba de ello, son los reciente ataque que ha tenido en contra de la Suprema Corte de Justicia, el INE, el INAI y el INEGI. [&hellip;]<\/p>\n","protected":false},"author":2476,"featured_media":48686,"comment_status":"open","ping_status":"open","sticky":false,"template":"","format":"standard","meta":{"_jetpack_memberships_contains_paid_content":false,"footnotes":""},"categories":[12],"tags":[],"class_list":["post-48685","post","type-post","status-publish","format-standard","has-post-thumbnail","hentry","category-nacional"],"jetpack_featured_media_url":"https:\/\/encuentroinformativo.com.mx\/wp-content\/uploads\/2023\/12\/IMG-20231219-WA00162.jpg","jetpack_sharing_enabled":true,"jetpack_likes_enabled":true,"amp_enabled":true,"_links":{"self":[{"href":"https:\/\/encuentroinformativo.com.mx\/index.php?rest_route=\/wp\/v2\/posts\/48685","targetHints":{"allow":["GET"]}}],"collection":[{"href":"https:\/\/encuentroinformativo.com.mx\/index.php?rest_route=\/wp\/v2\/posts"}],"about":[{"href":"https:\/\/encuentroinformativo.com.mx\/index.php?rest_route=\/wp\/v2\/types\/post"}],"author":[{"embeddable":true,"href":"https:\/\/encuentroinformativo.com.mx\/index.php?rest_route=\/wp\/v2\/users\/2476"}],"replies":[{"embeddable":true,"href":"https:\/\/encuentroinformativo.com.mx\/index.php?rest_route=%2Fwp%2Fv2%2Fcomments&post=48685"}],"version-history":[{"count":1,"href":"https:\/\/encuentroinformativo.com.mx\/index.php?rest_route=\/wp\/v2\/posts\/48685\/revisions"}],"predecessor-version":[{"id":48687,"href":"https:\/\/encuentroinformativo.com.mx\/index.php?rest_route=\/wp\/v2\/posts\/48685\/revisions\/48687"}],"wp:featuredmedia":[{"embeddable":true,"href":"https:\/\/encuentroinformativo.com.mx\/index.php?rest_route=\/wp\/v2\/media\/48686"}],"wp:attachment":[{"href":"https:\/\/encuentroinformativo.com.mx\/index.php?rest_route=%2Fwp%2Fv2%2Fmedia&parent=48685"}],"wp:term":[{"taxonomy":"category","embeddable":true,"href":"https:\/\/encuentroinformativo.com.mx\/index.php?rest_route=%2Fwp%2Fv2%2Fcategories&post=48685"},{"taxonomy":"post_tag","embeddable":true,"href":"https:\/\/encuentroinformativo.com.mx\/index.php?rest_route=%2Fwp%2Fv2%2Ftags&post=48685"}],"curies":[{"name":"wp","href":"https:\/\/api.w.org\/{rel}","templated":true}]}}