{"id":48688,"date":"2023-12-19T12:26:00","date_gmt":"2023-12-19T18:26:00","guid":{"rendered":"https:\/\/encuentroinformativo.com.mx\/?p=48688"},"modified":"2023-12-19T12:26:06","modified_gmt":"2023-12-19T18:26:06","slug":"afinan-detalles-para-la-caravana-coca-cola","status":"publish","type":"post","link":"https:\/\/encuentroinformativo.com.mx\/?p=48688","title":{"rendered":"Afinan detalles para la caravana Coca-Cola"},"content":{"rendered":"\n<p><strong>Juan Arcos <\/strong><\/p>\n\n\n\n<p>Xalapa, Ver.- Conductores y vecinos de la zona centro de Xalapa expresaron su malestar por las interrupciones a la circulaci\u00f3n vehicular con la instalaci\u00f3n de vallas met\u00e1licas previo a la caravana navide\u00f1a Coca-Cola.<\/p>\n\n\n\n<p>Los residentes del centro hist\u00f3rico indicaron que las afectaciones a la movilidad ser\u00edan graves por los cierres viales en la capital veracruzana para dicho evento navide\u00f1o.<\/p>\n\n\n\n<p>Las autoridades municipales y estatales hab\u00edan informado sobre los cierres viales a partir de las 15:00 horas de este martes 19 de diciembre, por lo que las ciudadanas y ciudadanos estar\u00edan preparados.<\/p>\n\n\n\n<p>Sin embargo, en el transcurso de la ma\u00f1ana se \u201cllevaron la sorpresa\u201d de que el tr\u00e1nsito fue obstruido para la colocaci\u00f3n de las vallas met\u00e1licas en las aceras de las calles donde ser\u00eda el recorrido de Coca-Cola.<\/p>\n\n\n\n<p>De acuerdo con Fernanda Ortiz Oliveros, vecina del centro de Xalapa, se observ\u00f3 a camiones de carga pesada que obstaculizaban la calle Xalape\u00f1os Ilustres para descargar las rejas.<\/p>\n\n\n\n<p>&#8220;Desde temprana hora, el personal, supongo que del ayuntamiento, empez\u00f3 a colocar las vallas para lo de la caravana Coca-Cola o algo as\u00ed. Nosotros, esta situaci\u00f3n s\u00ed nos molesta mucho. Ya sab\u00edamos que las calles iban a cerrar temprano, a las 3 pm, y para eso nos alistamos. Sin embargo, la gente que viene al centro se est\u00e1 topando con un caos vial, pues dif\u00edcil, porque hay muchos camiones de carga descargando los andamios y rejas y vallas que se van a colocar hoy\u201d, expres\u00f3.<\/p>\n\n\n\n<p>Aunque la caravana navide\u00f1a representa un importante atractivo para la poblaci\u00f3n, algunos ciudadanos se quejaron por los problemas viales en la ciudad, sobre todo por las obras que han provocado un caos vial durante este a\u00f1o.<\/p>\n\n\n\n<p>Las vallas fueron colocadas sobre todas las calles y avenidas que contempla el recorrido, mismo que iniciar\u00eda a las 18:00 horas en la intersecci\u00f3n de Xalape\u00f1os Ilustres y la avenida 20 de Noviembre, con direcci\u00f3n hacia la calle Juan de la Luz Enr\u00edquez.<\/p>\n\n\n\n<p>La caravana navide\u00f1a continuar\u00eda por la avenida Manuel \u00c1vila Camacho y concluir\u00eda en la glorieta de la avenida Xalapa, alrededor de las 21:30 horas.<\/p>\n\n\n\n<p>\u201cSolicitamos ya el apoyo del Ayuntamiento de Xalapa y del tr\u00e1nsito y de la Direcci\u00f3n de Tr\u00e1nsito porque esto ya es incontrolable, o sea, ya no se puede caminar. Varios ciudadanos nos tenemos que bajar varias cuadras adelante para poder llegar a nuestros destinos. Yo hablo como ciudadana molesta, pero hay personas adultas que no pueden hacer esos recorridos. Entonces apelamos a la comprensi\u00f3n de las autoridades porque pues ya fue mucho\u201d, remataron los vecinos.<\/p>\n\n\n\n<figure class=\"wp-block-image size-large\"><img loading=\"lazy\" decoding=\"async\" width=\"1024\" height=\"768\" src=\"https:\/\/encuentroinformativo.com.mx\/wp-content\/uploads\/2023\/12\/IMG_3976-1024x768.jpg\" alt=\"\" class=\"wp-image-48690\" srcset=\"https:\/\/encuentroinformativo.com.mx\/wp-content\/uploads\/2023\/12\/IMG_3976-1024x768.jpg 1024w, https:\/\/encuentroinformativo.com.mx\/wp-content\/uploads\/2023\/12\/IMG_3976-300x225.jpg 300w, https:\/\/encuentroinformativo.com.mx\/wp-content\/uploads\/2023\/12\/IMG_3976-768x576.jpg 768w, https:\/\/encuentroinformativo.com.mx\/wp-content\/uploads\/2023\/12\/IMG_3976-1536x1152.jpg 1536w, https:\/\/encuentroinformativo.com.mx\/wp-content\/uploads\/2023\/12\/IMG_3976.jpg 2016w\" sizes=\"auto, (max-width: 1024px) 100vw, 1024px\" \/><\/figure>\n","protected":false},"excerpt":{"rendered":"<p>Juan Arcos Xalapa, Ver.- Conductores y vecinos de la zona centro de Xalapa expresaron su malestar por las interrupciones a la circulaci\u00f3n vehicular con la instalaci\u00f3n de vallas met\u00e1licas previo a la caravana navide\u00f1a Coca-Cola. Los residentes del centro hist\u00f3rico indicaron que las afectaciones a la movilidad ser\u00edan graves por los cierres viales en la [&hellip;]<\/p>\n","protected":false},"author":2476,"featured_media":48689,"comment_status":"open","ping_status":"open","sticky":false,"template":"","format":"standard","meta":{"_jetpack_memberships_contains_paid_content":false,"footnotes":""},"categories":[3],"tags":[],"class_list":["post-48688","post","type-post","status-publish","format-standard","has-post-thumbnail","hentry","category-xalapa"],"jetpack_featured_media_url":"https:\/\/encuentroinformativo.com.mx\/wp-content\/uploads\/2023\/12\/IMG_3962.jpg","jetpack_sharing_enabled":true,"jetpack_likes_enabled":true,"amp_enabled":true,"_links":{"self":[{"href":"https:\/\/encuentroinformativo.com.mx\/index.php?rest_route=\/wp\/v2\/posts\/48688","targetHints":{"allow":["GET"]}}],"collection":[{"href":"https:\/\/encuentroinformativo.com.mx\/index.php?rest_route=\/wp\/v2\/posts"}],"about":[{"href":"https:\/\/encuentroinformativo.com.mx\/index.php?rest_route=\/wp\/v2\/types\/post"}],"author":[{"embeddable":true,"href":"https:\/\/encuentroinformativo.com.mx\/index.php?rest_route=\/wp\/v2\/users\/2476"}],"replies":[{"embeddable":true,"href":"https:\/\/encuentroinformativo.com.mx\/index.php?rest_route=%2Fwp%2Fv2%2Fcomments&post=48688"}],"version-history":[{"count":1,"href":"https:\/\/encuentroinformativo.com.mx\/index.php?rest_route=\/wp\/v2\/posts\/48688\/revisions"}],"predecessor-version":[{"id":48691,"href":"https:\/\/encuentroinformativo.com.mx\/index.php?rest_route=\/wp\/v2\/posts\/48688\/revisions\/48691"}],"wp:featuredmedia":[{"embeddable":true,"href":"https:\/\/encuentroinformativo.com.mx\/index.php?rest_route=\/wp\/v2\/media\/48689"}],"wp:attachment":[{"href":"https:\/\/encuentroinformativo.com.mx\/index.php?rest_route=%2Fwp%2Fv2%2Fmedia&parent=48688"}],"wp:term":[{"taxonomy":"category","embeddable":true,"href":"https:\/\/encuentroinformativo.com.mx\/index.php?rest_route=%2Fwp%2Fv2%2Fcategories&post=48688"},{"taxonomy":"post_tag","embeddable":true,"href":"https:\/\/encuentroinformativo.com.mx\/index.php?rest_route=%2Fwp%2Fv2%2Ftags&post=48688"}],"curies":[{"name":"wp","href":"https:\/\/api.w.org\/{rel}","templated":true}]}}