{"id":48695,"date":"2023-12-19T12:44:37","date_gmt":"2023-12-19T18:44:37","guid":{"rendered":"https:\/\/encuentroinformativo.com.mx\/?p=48695"},"modified":"2023-12-19T12:44:43","modified_gmt":"2023-12-19T18:44:43","slug":"reportan-avance-del-60-por-ciento-en-rehabilitacion-del-zoologico-de-veracruz","status":"publish","type":"post","link":"https:\/\/encuentroinformativo.com.mx\/?p=48695","title":{"rendered":"Reportan avance del 60 por ciento en rehabilitaci\u00f3n del zool\u00f3gico de Veracruz"},"content":{"rendered":"\n<p><strong>Alejandro \u00c1vila<\/strong><\/p>\n\n\n\n<p>Veracruz, Ver.- En 2024 continuar\u00e1n los trabajos de rehabilitaci\u00f3n del zool\u00f3gico &#8220;Miguel \u00c1ngel de Quevedo&#8221; en la ciudad de Veracruz, por el momento, el avance que se tiene es de un 60 por ciento, inform\u00f3 la alcaldesa, Patricia Lobeira Rodr\u00edguez.<\/p>\n\n\n\n<p>Este martes se inaugur\u00f3 un \u00e1rea com\u00fan, misma que cuenta con una palapa a un costado de la laguna, asadores y comederos, para que los ciudadanos que visitan puedan disfrutar de una tarde familiar, destac\u00f3 la presidenta municipal.<\/p>\n\n\n\n<p>&#8220;Todav\u00eda nos falta, pero creo que s\u00ed ya llevamos arriba un 60 por ciento, todav\u00eda nos faltan los andadores que eso s\u00ed ya es mucho m\u00e1s sencillo, la verdad es que era m\u00e1s dif\u00edcil lo que hicimos el a\u00f1o pasado y ahorita este espacio convertirlo en una palapa, en un espacio donde pudiera haber bebida, alimento, los asadores qu\u00e9 pueden ver aqu\u00ed atr\u00e1s con sus mesas, ya lo que seguir\u00eda es, seguir d\u00e1ndole mantenimiento a las jaulas y los andadores de esos espacios, que son andadores que son muy antiguos y que ya est\u00e1n en desnivel, y bueno emparejarlo y que ya est\u00e9n todos parejos&#8221;, apunt\u00f3.<\/p>\n\n\n\n<p>En otro tema, record\u00f3 que el pr\u00f3ximo viernes 22 de diciembre se realizar\u00e1 la segunda edici\u00f3n del Festival del Esquite, donde se duplicar\u00e1 el n\u00famero de expositores a 50, y se espera que se aumente el n\u00famero de visitantes debido al cambio de sede a la Macro Plaza del Malec\u00f3n.<\/p>\n","protected":false},"excerpt":{"rendered":"<p>Alejandro \u00c1vila Veracruz, Ver.- En 2024 continuar\u00e1n los trabajos de rehabilitaci\u00f3n del zool\u00f3gico &#8220;Miguel \u00c1ngel de Quevedo&#8221; en la ciudad de Veracruz, por el momento, el avance que se tiene es de un 60 por ciento, inform\u00f3 la alcaldesa, Patricia Lobeira Rodr\u00edguez. Este martes se inaugur\u00f3 un \u00e1rea com\u00fan, misma que cuenta con una palapa [&hellip;]<\/p>\n","protected":false},"author":2476,"featured_media":48696,"comment_status":"open","ping_status":"open","sticky":false,"template":"","format":"standard","meta":{"_jetpack_memberships_contains_paid_content":false,"footnotes":""},"categories":[2],"tags":[],"class_list":["post-48695","post","type-post","status-publish","format-standard","has-post-thumbnail","hentry","category-estado"],"jetpack_featured_media_url":"https:\/\/encuentroinformativo.com.mx\/wp-content\/uploads\/2023\/12\/IMG-20231219-WA0029.jpg","jetpack_sharing_enabled":true,"jetpack_likes_enabled":true,"amp_enabled":true,"_links":{"self":[{"href":"https:\/\/encuentroinformativo.com.mx\/index.php?rest_route=\/wp\/v2\/posts\/48695","targetHints":{"allow":["GET"]}}],"collection":[{"href":"https:\/\/encuentroinformativo.com.mx\/index.php?rest_route=\/wp\/v2\/posts"}],"about":[{"href":"https:\/\/encuentroinformativo.com.mx\/index.php?rest_route=\/wp\/v2\/types\/post"}],"author":[{"embeddable":true,"href":"https:\/\/encuentroinformativo.com.mx\/index.php?rest_route=\/wp\/v2\/users\/2476"}],"replies":[{"embeddable":true,"href":"https:\/\/encuentroinformativo.com.mx\/index.php?rest_route=%2Fwp%2Fv2%2Fcomments&post=48695"}],"version-history":[{"count":1,"href":"https:\/\/encuentroinformativo.com.mx\/index.php?rest_route=\/wp\/v2\/posts\/48695\/revisions"}],"predecessor-version":[{"id":48697,"href":"https:\/\/encuentroinformativo.com.mx\/index.php?rest_route=\/wp\/v2\/posts\/48695\/revisions\/48697"}],"wp:featuredmedia":[{"embeddable":true,"href":"https:\/\/encuentroinformativo.com.mx\/index.php?rest_route=\/wp\/v2\/media\/48696"}],"wp:attachment":[{"href":"https:\/\/encuentroinformativo.com.mx\/index.php?rest_route=%2Fwp%2Fv2%2Fmedia&parent=48695"}],"wp:term":[{"taxonomy":"category","embeddable":true,"href":"https:\/\/encuentroinformativo.com.mx\/index.php?rest_route=%2Fwp%2Fv2%2Fcategories&post=48695"},{"taxonomy":"post_tag","embeddable":true,"href":"https:\/\/encuentroinformativo.com.mx\/index.php?rest_route=%2Fwp%2Fv2%2Ftags&post=48695"}],"curies":[{"name":"wp","href":"https:\/\/api.w.org\/{rel}","templated":true}]}}