{"id":48698,"date":"2023-12-19T12:52:38","date_gmt":"2023-12-19T18:52:38","guid":{"rendered":"https:\/\/encuentroinformativo.com.mx\/?p=48698"},"modified":"2023-12-19T12:52:42","modified_gmt":"2023-12-19T18:52:42","slug":"confirma-chiquiyunes-que-participara-en-proximo-proceso-electoral","status":"publish","type":"post","link":"https:\/\/encuentroinformativo.com.mx\/?p=48698","title":{"rendered":"Confirma Chiquiyunes que participar\u00e1 en pr\u00f3ximo proceso electoral"},"content":{"rendered":"\n<p><strong>Alejandro \u00c1vila<\/strong><\/p>\n\n\n\n<p>Boca del R\u00edo, Ver.- El ex candidato a la gubernatura de Veracruz, Miguel \u00c1ngel Yunes M\u00e1rquez, confirm\u00f3 que participar\u00e1 en la pr\u00f3xima contienda electoral en el 2024.<\/p>\n\n\n\n<p>Seg\u00fan los rumores, todo apunta que encabezar\u00e1 la primera f\u00f3rmula para el Senado de la Rep\u00fablica por parte del Frente Amplio Por M\u00e9xico.<\/p>\n\n\n\n<p>&#8220;Es algo que creo que tengo que hacer, tengo un liderazgo que tengo que ejercer, hay mucha gente que cree en m\u00ed, y necesito yo tambi\u00e9n empujar para que esto cambie porque no estoy contento con lo que viene pasando en Veracruz y en el pa\u00eds&#8221;, subray\u00f3.<\/p>\n\n\n\n<p>Al ex alcalde de Boca del R\u00edo se le ha visto muy activo en los eventos que organiza el frente opositor, no solo en las visitas de la virtual candidata a la presidencia de M\u00e9xico, X\u00f3chitl Galvez Ruiz, sino tambi\u00e9n en los eventos organizados por el PRI para encaminar la candidatura de, Pepe Yunes Zorrilla.<\/p>\n\n\n\n<p>&#8220;La gente se acuerda de tantas cosas que hemos hecho, hemos tenido buenos gobiernos de Acci\u00f3n Nacional a lo largo de los a\u00f1os y creo que la gente lo reconoce&#8221;, culmin\u00f3.<\/p>\n","protected":false},"excerpt":{"rendered":"<p>Alejandro \u00c1vila Boca del R\u00edo, Ver.- El ex candidato a la gubernatura de Veracruz, Miguel \u00c1ngel Yunes M\u00e1rquez, confirm\u00f3 que participar\u00e1 en la pr\u00f3xima contienda electoral en el 2024. Seg\u00fan los rumores, todo apunta que encabezar\u00e1 la primera f\u00f3rmula para el Senado de la Rep\u00fablica por parte del Frente Amplio Por M\u00e9xico. &#8220;Es algo que [&hellip;]<\/p>\n","protected":false},"author":2476,"featured_media":48699,"comment_status":"open","ping_status":"open","sticky":false,"template":"","format":"standard","meta":{"_jetpack_memberships_contains_paid_content":false,"footnotes":""},"categories":[2],"tags":[],"class_list":["post-48698","post","type-post","status-publish","format-standard","has-post-thumbnail","hentry","category-estado"],"jetpack_featured_media_url":"https:\/\/encuentroinformativo.com.mx\/wp-content\/uploads\/2023\/12\/IMG-20231219-WA00202.jpg","jetpack_sharing_enabled":true,"jetpack_likes_enabled":true,"amp_enabled":true,"_links":{"self":[{"href":"https:\/\/encuentroinformativo.com.mx\/index.php?rest_route=\/wp\/v2\/posts\/48698","targetHints":{"allow":["GET"]}}],"collection":[{"href":"https:\/\/encuentroinformativo.com.mx\/index.php?rest_route=\/wp\/v2\/posts"}],"about":[{"href":"https:\/\/encuentroinformativo.com.mx\/index.php?rest_route=\/wp\/v2\/types\/post"}],"author":[{"embeddable":true,"href":"https:\/\/encuentroinformativo.com.mx\/index.php?rest_route=\/wp\/v2\/users\/2476"}],"replies":[{"embeddable":true,"href":"https:\/\/encuentroinformativo.com.mx\/index.php?rest_route=%2Fwp%2Fv2%2Fcomments&post=48698"}],"version-history":[{"count":1,"href":"https:\/\/encuentroinformativo.com.mx\/index.php?rest_route=\/wp\/v2\/posts\/48698\/revisions"}],"predecessor-version":[{"id":48700,"href":"https:\/\/encuentroinformativo.com.mx\/index.php?rest_route=\/wp\/v2\/posts\/48698\/revisions\/48700"}],"wp:featuredmedia":[{"embeddable":true,"href":"https:\/\/encuentroinformativo.com.mx\/index.php?rest_route=\/wp\/v2\/media\/48699"}],"wp:attachment":[{"href":"https:\/\/encuentroinformativo.com.mx\/index.php?rest_route=%2Fwp%2Fv2%2Fmedia&parent=48698"}],"wp:term":[{"taxonomy":"category","embeddable":true,"href":"https:\/\/encuentroinformativo.com.mx\/index.php?rest_route=%2Fwp%2Fv2%2Fcategories&post=48698"},{"taxonomy":"post_tag","embeddable":true,"href":"https:\/\/encuentroinformativo.com.mx\/index.php?rest_route=%2Fwp%2Fv2%2Ftags&post=48698"}],"curies":[{"name":"wp","href":"https:\/\/api.w.org\/{rel}","templated":true}]}}