{"id":487,"date":"2020-03-06T08:56:48","date_gmt":"2020-03-06T14:56:48","guid":{"rendered":"https:\/\/encuentroinformativo.com\/?p=487"},"modified":"2020-03-06T08:56:48","modified_gmt":"2020-03-06T14:56:48","slug":"el-terco-de-macuspana","status":"publish","type":"post","link":"https:\/\/encuentroinformativo.com.mx\/?p=487","title":{"rendered":"EL TERCO DE MACUSPANA"},"content":{"rendered":"\n<p><br> @pablojair<\/p>\n\n\n\n<ul class=\"wp-block-list\"><li>Con moscos, sin insumos y acoso en Hospital de Boca.<\/li><li>Cancelan viajes de tren entre CDMX y Veracruz.<\/li><li>Nunca hubo orden de aprehensi\u00f3n contra el diputaco.<\/li><\/ul>\n\n\n\n<p>Que no hay coronavirus en Veracruz, confirmaron anoche.<br>\n&#8211;Chopenjawer doctor<\/p>\n\n\n\n<p>Si existe gente conocida por ser muy terca y aferrada son precisamente los sure\u00f1os. (Ojo: lo dice un sure\u00f1o).<\/p>\n\n\n\n<p>Un grupo del Istmo que destaca por tercos, son los juchitecos de Juchit\u00e1n, Oaxaca. Los &#8220;tecos&#8221; (una manera tradicional abreviada para llamarles con cari\u00f1o, aunque tambi\u00e9n se usa para forma despectiva) tienen una gran presencia en Minatitl\u00e1n, donde incluso han llegado a ser l\u00edderes petroleros y son una de las comunidades m\u00e1s grandes de la ciudad, que hasta tienen una colonia llamada Gravera mejor conocida como &#8220;Juchit\u00e1n Chiquito&#8221;.<\/p>\n\n\n\n<p>Los &#8220;tecos&#8221; en la historia tambi\u00e9n tienen papeles destacados y se han convertido en leyendas. Uno de ellos es que la escolta personal de Porfirio D\u00edaz estaba conformada por juchitecos, conocidos por lo estoicos y bravos que son.<\/p>\n\n\n\n<p>Otras an\u00e9cdotas narran que &#8220;La G\u00fcera&#8221; Alcaine lleg\u00f3 a tener un guardaespaldas &#8220;teco&#8221; que conoci\u00f3 cuando le impidi\u00f3 el paso a un evento que iba a encabezar, hasta que alguien le dijo al &#8220;cadenero&#8221; que ten\u00eda que dejarlo entrar porque el viejo era el l\u00edder. Precisamente por su tozudez, Alcaine lo contrat\u00f3 como asistente privado.<\/p>\n\n\n\n<p>Hace poco un gran amigo me contaba que tambi\u00e9n hay &#8220;tecos&#8221; en la Cuenca del Papaloapan, m\u00e1s espec\u00edficamente en Tres Valles. Una familia muy conocida de esta etnia zapoteca era la de las hermanas L\u00f3pez, quienes llegaron a instalarse aqu\u00ed provenientes precisamente del Istmo.<\/p>\n\n\n\n<p>De esta familia surge el padre de Andr\u00e9s Manuel L\u00f3pez Obrador. Una de esas hermanas ser\u00eda la abuela del hoy presidente de la rep\u00fablica.<\/p>\n\n\n\n<p>Otros conocidos por tercos son los tabasque\u00f1os. Familiares han vivido en Tabasco por a\u00f1os por cuestiones de trabajo o estudio y son testigos de lo anterior: son gente con la que prefieren no discutir porque no les vas a ganar. Si el cielo es azul y ellos dicen que son verde, pos mejor diles que s\u00ed para que no entres en broncas.<\/p>\n\n\n\n<p>Son gente con una cultura propia muy particular. Gastronom\u00eda \u00fanica como el c\u00f3ctel de camarones que sirven caliente y en caldo: para ellos eso es un c\u00f3ctel de camarones y no la hagas de tos.<\/p>\n\n\n\n<p>Con todo y que son tercos, se aprecia mucho a los amigos de Tabasco con quienes llegamos a convivir.<\/p>\n\n\n\n<p>El pasado domingo, el presidente de la Rep\u00fablica encabez\u00f3 el Programa de Mejoramiento Urbano y dialog\u00f3 con pueblos ind\u00edgenas de Tabasco, en el municipio de Macuspana (su tierra natal), pero a minutos de iniciado el evento p\u00fablico, el mandatario tuvo que guardar silencio y el motivo fueron los constantes gritos de los tabasque\u00f1os.<\/p>\n\n\n\n<p>&#8220;No voy a hablar, ya saben que soy terco, hasta que escuchen&#8221;.<\/p>\n\n\n\n<p>Uno pensar\u00eda que Andr\u00e9s Manuel es de los presidentes que escucha (quiz\u00e1s lo haga muy en privado), pero todo apunta a que en p\u00fablico no lo es. \u00c9l mismo admite que es terco y ahora sabemos que no s\u00f3lo es por ser tabasque\u00f1o, sino tambi\u00e9n por tener sangre teca: o sea, doblemente terco.<\/p>\n\n\n\n<p>Por algo la terquedad en convertirse en presidente en una lucha de muchos a\u00f1os; por algo la terquedad en la rifa que no es rifa del avi\u00f3n presidencial sin avi\u00f3n presidencial; por algo la terquedad de echar abajo el aeropuerto de Texcoco; por algo la terquedad de mantener boletas electorales en resguardo de las elecciones de 2006.<\/p>\n\n\n\n<p>Hay muchas situaciones que se explicar\u00edan de manera sencilla: es la necedad del presidente L\u00f3pez Obrador. Y el caso m\u00e1s reciente, el seguir manteniendo una confrontaci\u00f3n contra el feminismo o de seguir usando a los fantasmas recurrentes del &#8220;neoliberalismo&#8221; o &#8220;conservadores&#8221; para justificar fallas o errores en el gobierno.<\/p>\n\n\n\n<p>Uno quisiera pensar que esa terquedad podr\u00eda ser una virtud, como la larga lucha de Andr\u00e9s Manuel para alcanzar por fin ser gobernante.<\/p>\n\n\n\n<p>Uno quisiera creer que se mantiene firme o inamovible en su actitud por causas y motivos justificables, pero de repente da se\u00f1ales de que la terquedad le est\u00e1 desgastando. Ejemplo: su estrategia de las conferencias &#8220;ma\u00f1aneras&#8221;, que parecen todav\u00eda rendirle ciertas ventajas pero ya tambi\u00e9n han sido criticadas por obcecarse en hablar mucho, pero decir poco.<\/p>\n\n\n\n<p>A estas alturas no podemos hablar de un terco malo o bueno. Un terco es eso: practicante de la terquedad. Un necio, pues, aferrado a ideas o posturas.<\/p>\n\n\n\n<p>Lo bueno es que por lo menos sabemos que todo esto puede tener un origen meramente gen\u00e9tico.<\/p>\n\n\n\n<p><strong>NOTA PARA PEGAR EN EL REFRI: <\/strong>Siguen las deficiencias e irregularidades en el Hospital de Boca del R\u00edo. Para empezar, est\u00e1n lloviendo las quejas de usuarios porque se ha detectado una plaga de moscos que ha inundado al lugar por dentro y por fuera. Los quir\u00f3fanos no est\u00e1n funcionales y est\u00e1n improvisando con salas; siguen tambi\u00e9n sin material e insumos m\u00e9dicos\u2026 A lo anterior s\u00famense casos como el de un enfermero llamado Andr\u00e9s Xiolo, a quien han acusado de presunto robo de material del mismo nosocomio y acoso en contra mujeres\u2026 \u00bfPos qu\u00e9 desmadre se traen ah\u00ed? \u00bfNadie puede meter orden de plano?<\/p>\n\n\n\n<p><strong>OTRA NOTA:<\/strong> Aqu\u00ed en Veracruz ya se desaloj\u00f3 con la fuerza p\u00fablica a los grupos disidentes del SNTE (elbistas) que ten\u00edan tomadas las v\u00edas del tren para presionar que se lance la convocatoria de renovaci\u00f3n de la dirigencia nacional de dicho sindicato antes que las convocatorias para renovar las seccionales; pero en Puebla parece que el &#8220;gober consentido&#8221; Barbosa no se ha puesto las pilas y de plano este jueves Ferrosur inform\u00f3 que se ha visto imposibilitado para movilizar sus trenes y suspendi\u00f3 las rutas que corren entre Veracruz y Coatzacoalcos y el Valle de M\u00e9xico. Son 144 trenes detenidos y cerca de 440 mil toneladas en terminales. El punto en conflicto es en San Marcos, en el municipio Rafael Lara Grajales, en Puebla, donde ya llevan casi 10 d\u00edas bloqueando los elbistas.<\/p>\n\n\n\n<p><strong>LA \u00daLTIMA PORQUE ME CONVIERTO EN MARCIANO: <\/strong>Nunca hubo orden de aprehensi\u00f3n en contra del exdiputado Erik Iv\u00e1n Aguilar L\u00f3pez; nunca hubo inter\u00e9s por capturarlo, aunque varios medios se empinaron diciendo que ya hab\u00eda sido aprehendido por agentes ministeriales, nunca ocurri\u00f3 tal detenci\u00f3n. De hecho, se sabe que Erik Iv\u00e1n va a enfrentar su proceso en libertad y las investigaciones van a continuar por parte de la Fiscal\u00eda General del Estado. El otro escenario ser\u00eda que si durante el proceso la fiscal\u00eda lo encuentra responsable de alg\u00fan delito, entonces s\u00ed ya le giran la orden de aprehensi\u00f3n y podr\u00eda enfrentar el proceso tambi\u00e9n en libertad si le dan el beneficio de la fianza o cauci\u00f3n. En realidad a la 4T s\u00f3lo le interesaba sacarlo del Congreso y recuperar una curul perdida.<\/p>\n\n\n\n<p><strong> @pablojair<\/strong><\/p>\n","protected":false},"excerpt":{"rendered":"<p>@pablojair Con moscos, sin insumos y acoso en Hospital de Boca. Cancelan viajes de tren entre CDMX y Veracruz. Nunca hubo orden de aprehensi\u00f3n contra el diputaco. Que no hay coronavirus en Veracruz, confirmaron anoche. &#8211;Chopenjawer doctor Si existe gente conocida por ser muy terca y aferrada son precisamente los sure\u00f1os. (Ojo: lo dice un [&hellip;]<\/p>\n","protected":false},"author":1,"featured_media":488,"comment_status":"open","ping_status":"open","sticky":false,"template":"","format":"standard","meta":{"_jetpack_memberships_contains_paid_content":false,"footnotes":""},"categories":[11],"tags":[],"class_list":["post-487","post","type-post","status-publish","format-standard","has-post-thumbnail","hentry","category-opinion"],"jetpack_featured_media_url":"https:\/\/encuentroinformativo.com.mx\/wp-content\/uploads\/2020\/03\/F471F608-BA1A-416B-BA7B-BCFB24F4E6D0.jpeg","jetpack_sharing_enabled":true,"jetpack_likes_enabled":true,"amp_enabled":true,"_links":{"self":[{"href":"https:\/\/encuentroinformativo.com.mx\/index.php?rest_route=\/wp\/v2\/posts\/487","targetHints":{"allow":["GET"]}}],"collection":[{"href":"https:\/\/encuentroinformativo.com.mx\/index.php?rest_route=\/wp\/v2\/posts"}],"about":[{"href":"https:\/\/encuentroinformativo.com.mx\/index.php?rest_route=\/wp\/v2\/types\/post"}],"author":[{"embeddable":true,"href":"https:\/\/encuentroinformativo.com.mx\/index.php?rest_route=\/wp\/v2\/users\/1"}],"replies":[{"embeddable":true,"href":"https:\/\/encuentroinformativo.com.mx\/index.php?rest_route=%2Fwp%2Fv2%2Fcomments&post=487"}],"version-history":[{"count":1,"href":"https:\/\/encuentroinformativo.com.mx\/index.php?rest_route=\/wp\/v2\/posts\/487\/revisions"}],"predecessor-version":[{"id":489,"href":"https:\/\/encuentroinformativo.com.mx\/index.php?rest_route=\/wp\/v2\/posts\/487\/revisions\/489"}],"wp:featuredmedia":[{"embeddable":true,"href":"https:\/\/encuentroinformativo.com.mx\/index.php?rest_route=\/wp\/v2\/media\/488"}],"wp:attachment":[{"href":"https:\/\/encuentroinformativo.com.mx\/index.php?rest_route=%2Fwp%2Fv2%2Fmedia&parent=487"}],"wp:term":[{"taxonomy":"category","embeddable":true,"href":"https:\/\/encuentroinformativo.com.mx\/index.php?rest_route=%2Fwp%2Fv2%2Fcategories&post=487"},{"taxonomy":"post_tag","embeddable":true,"href":"https:\/\/encuentroinformativo.com.mx\/index.php?rest_route=%2Fwp%2Fv2%2Ftags&post=487"}],"curies":[{"name":"wp","href":"https:\/\/api.w.org\/{rel}","templated":true}]}}