{"id":48701,"date":"2023-12-19T13:31:28","date_gmt":"2023-12-19T19:31:28","guid":{"rendered":"https:\/\/encuentroinformativo.com.mx\/?p=48701"},"modified":"2023-12-19T13:31:32","modified_gmt":"2023-12-19T19:31:32","slug":"habilitan-paso-momentaneo-en-puente-las-trancas","status":"publish","type":"post","link":"https:\/\/encuentroinformativo.com.mx\/?p=48701","title":{"rendered":"Habilitan paso moment\u00e1neo en puente Las Trancas"},"content":{"rendered":"\n<p><strong>Dar\u00edo Pale <\/strong><\/p>\n\n\n\n<p>Xalapa, Ver.- Este martes habilitan moment\u00e1neamente el paso por la parte de arriba del Puente de Las Trancas debido a que est\u00e1n asfaltando la parte lateral del mismo por lo que habilitaron dos carriles con direcci\u00f3n de Veracruz a M\u00e9xico.<\/p>\n\n\n\n<p>Aproximadamente a las 11:00 horas diferentes unidades comenzaron a circular por la parte de arriba del Puente de las trancas de Veracruz a Banderilla, de manera temporal.<\/p>\n\n\n\n<p>El puente a\u00fan no est\u00e1 al cien por ciento pero debido a que est\u00e1n asfaltando la parte lateral permitieron que las unidades circular\u00e1n sobre el mismo para darle fluidez a la circulaci\u00f3n.<\/p>\n","protected":false},"excerpt":{"rendered":"<p>Dar\u00edo Pale Xalapa, Ver.- Este martes habilitan moment\u00e1neamente el paso por la parte de arriba del Puente de Las Trancas debido a que est\u00e1n asfaltando la parte lateral del mismo por lo que habilitaron dos carriles con direcci\u00f3n de Veracruz a M\u00e9xico. Aproximadamente a las 11:00 horas diferentes unidades comenzaron a circular por la parte [&hellip;]<\/p>\n","protected":false},"author":2476,"featured_media":48702,"comment_status":"open","ping_status":"open","sticky":false,"template":"","format":"standard","meta":{"_jetpack_memberships_contains_paid_content":false,"footnotes":""},"categories":[3],"tags":[],"class_list":["post-48701","post","type-post","status-publish","format-standard","has-post-thumbnail","hentry","category-xalapa"],"jetpack_featured_media_url":"https:\/\/encuentroinformativo.com.mx\/wp-content\/uploads\/2023\/12\/IMG-20231219-WA0033.jpg","jetpack_sharing_enabled":true,"jetpack_likes_enabled":true,"amp_enabled":true,"_links":{"self":[{"href":"https:\/\/encuentroinformativo.com.mx\/index.php?rest_route=\/wp\/v2\/posts\/48701","targetHints":{"allow":["GET"]}}],"collection":[{"href":"https:\/\/encuentroinformativo.com.mx\/index.php?rest_route=\/wp\/v2\/posts"}],"about":[{"href":"https:\/\/encuentroinformativo.com.mx\/index.php?rest_route=\/wp\/v2\/types\/post"}],"author":[{"embeddable":true,"href":"https:\/\/encuentroinformativo.com.mx\/index.php?rest_route=\/wp\/v2\/users\/2476"}],"replies":[{"embeddable":true,"href":"https:\/\/encuentroinformativo.com.mx\/index.php?rest_route=%2Fwp%2Fv2%2Fcomments&post=48701"}],"version-history":[{"count":1,"href":"https:\/\/encuentroinformativo.com.mx\/index.php?rest_route=\/wp\/v2\/posts\/48701\/revisions"}],"predecessor-version":[{"id":48703,"href":"https:\/\/encuentroinformativo.com.mx\/index.php?rest_route=\/wp\/v2\/posts\/48701\/revisions\/48703"}],"wp:featuredmedia":[{"embeddable":true,"href":"https:\/\/encuentroinformativo.com.mx\/index.php?rest_route=\/wp\/v2\/media\/48702"}],"wp:attachment":[{"href":"https:\/\/encuentroinformativo.com.mx\/index.php?rest_route=%2Fwp%2Fv2%2Fmedia&parent=48701"}],"wp:term":[{"taxonomy":"category","embeddable":true,"href":"https:\/\/encuentroinformativo.com.mx\/index.php?rest_route=%2Fwp%2Fv2%2Fcategories&post=48701"},{"taxonomy":"post_tag","embeddable":true,"href":"https:\/\/encuentroinformativo.com.mx\/index.php?rest_route=%2Fwp%2Fv2%2Ftags&post=48701"}],"curies":[{"name":"wp","href":"https:\/\/api.w.org\/{rel}","templated":true}]}}