{"id":48709,"date":"2023-12-19T14:38:14","date_gmt":"2023-12-19T20:38:14","guid":{"rendered":"https:\/\/encuentroinformativo.com.mx\/?p=48709"},"modified":"2023-12-19T14:38:19","modified_gmt":"2023-12-19T20:38:19","slug":"roban-combi-de-artesano-en-zona-de-briones","status":"publish","type":"post","link":"https:\/\/encuentroinformativo.com.mx\/?p=48709","title":{"rendered":"Roban combi de artesano en zona de Briones"},"content":{"rendered":"\n<p><strong>Juan Arcos <\/strong><\/p>\n\n\n\n<p>Xalapa, Ver.- En el fraccionamiento Briones, municipio de Coatepec, persisten la inseguridad y los atracos, casos que ahora ocurren hasta frente a las plazas comerciales, pues el pasado domingo 17 de diciembre fue hurtada una combi, color verde, a un artesano.<\/p>\n\n\n\n<p>Esto ocurri\u00f3 justo enfrente del acceso a la Plaza Bosque de Briones, una zona considerada de alta plusval\u00eda, donde se hab\u00eda reforzado la vigilancia por parte de la polic\u00eda, luego de que los pobladores se manifestaran un par de veces para exigir que se garantizara su seguridad.<\/p>\n\n\n\n<p>Se trata de Jonathan Atecocolli Yepez, quien se dedica a la joyer\u00eda artesanal y denunci\u00f3 p\u00fablicamente que su veh\u00edculo fue hurtado, el cual ha utilizado como una herramienta de trabajo por m\u00e1s de diez a\u00f1os.<\/p>\n\n\n\n<p>\u201cFrente a la plaza Bosque Briones se robaron nuestra combi, estamos muy tristes pues ha sido nuestro veh\u00edculo por muchos a\u00f1os. Les agradecer\u00eda mucho si comparten esta imagen para ver si en un golpe de suerte podemos encontrarla. Y si llegan a verla ser\u00eda de mucha ayuda cualquier informaci\u00f3n\u201d, poste\u00f3 en <em>Facebook<\/em>.<\/p>\n\n\n\n<p>Jonathan y su familia investigaron por su cuenta y confirmaron que su autom\u00f3vil fue robado sobre la carretera antigua a Coatepec, a la altura del Camino a Rancho Viejo.<\/p>\n\n\n\n<p>El pasado 13 de mayo, vecinos de la zona protestaron y cerraron la carretera, a la altura de la localidad Zoncuantla, para denunciar que han sido asaltados los ciclistas y las personas que practican senderismo en el bosque de niebla de la regi\u00f3n capital de Veracruz.<\/p>\n\n\n\n<p>Desde entonces, Paulo \u00c1lvaro Mart\u00ednez Landa, subagente municipal de Zoncuantla, Coatepec, denunciaba un incremento en los hechos de inseguridad.<\/p>\n\n\n\n<p>A ra\u00edz de esto, la gente conform\u00f3 grupos de vecinos vigilantes para mantenerse en comunicaci\u00f3n con las autoridades y atender lo antes posible cualquier incidente.<\/p>\n\n\n\n<p>Sin embargo, el pasado domingo se registr\u00f3 un nuevo hecho que causa alarma en la poblaci\u00f3n, misma que exige mayor vigilancia y el reforzamiento de operativos por parte de la Polic\u00eda Municipal de Coatepec y la Secretar\u00eda de Seguridad P\u00fablica (SSP).<\/p>\n","protected":false},"excerpt":{"rendered":"<p>Juan Arcos Xalapa, Ver.- En el fraccionamiento Briones, municipio de Coatepec, persisten la inseguridad y los atracos, casos que ahora ocurren hasta frente a las plazas comerciales, pues el pasado domingo 17 de diciembre fue hurtada una combi, color verde, a un artesano. Esto ocurri\u00f3 justo enfrente del acceso a la Plaza Bosque de Briones, [&hellip;]<\/p>\n","protected":false},"author":2476,"featured_media":48710,"comment_status":"open","ping_status":"open","sticky":false,"template":"","format":"standard","meta":{"_jetpack_memberships_contains_paid_content":false,"footnotes":""},"categories":[8],"tags":[],"class_list":["post-48709","post","type-post","status-publish","format-standard","has-post-thumbnail","hentry","category-region"],"jetpack_featured_media_url":"https:\/\/encuentroinformativo.com.mx\/wp-content\/uploads\/2023\/12\/IMG_3984.jpg","jetpack_sharing_enabled":true,"jetpack_likes_enabled":true,"amp_enabled":true,"_links":{"self":[{"href":"https:\/\/encuentroinformativo.com.mx\/index.php?rest_route=\/wp\/v2\/posts\/48709","targetHints":{"allow":["GET"]}}],"collection":[{"href":"https:\/\/encuentroinformativo.com.mx\/index.php?rest_route=\/wp\/v2\/posts"}],"about":[{"href":"https:\/\/encuentroinformativo.com.mx\/index.php?rest_route=\/wp\/v2\/types\/post"}],"author":[{"embeddable":true,"href":"https:\/\/encuentroinformativo.com.mx\/index.php?rest_route=\/wp\/v2\/users\/2476"}],"replies":[{"embeddable":true,"href":"https:\/\/encuentroinformativo.com.mx\/index.php?rest_route=%2Fwp%2Fv2%2Fcomments&post=48709"}],"version-history":[{"count":1,"href":"https:\/\/encuentroinformativo.com.mx\/index.php?rest_route=\/wp\/v2\/posts\/48709\/revisions"}],"predecessor-version":[{"id":48711,"href":"https:\/\/encuentroinformativo.com.mx\/index.php?rest_route=\/wp\/v2\/posts\/48709\/revisions\/48711"}],"wp:featuredmedia":[{"embeddable":true,"href":"https:\/\/encuentroinformativo.com.mx\/index.php?rest_route=\/wp\/v2\/media\/48710"}],"wp:attachment":[{"href":"https:\/\/encuentroinformativo.com.mx\/index.php?rest_route=%2Fwp%2Fv2%2Fmedia&parent=48709"}],"wp:term":[{"taxonomy":"category","embeddable":true,"href":"https:\/\/encuentroinformativo.com.mx\/index.php?rest_route=%2Fwp%2Fv2%2Fcategories&post=48709"},{"taxonomy":"post_tag","embeddable":true,"href":"https:\/\/encuentroinformativo.com.mx\/index.php?rest_route=%2Fwp%2Fv2%2Ftags&post=48709"}],"curies":[{"name":"wp","href":"https:\/\/api.w.org\/{rel}","templated":true}]}}