{"id":48712,"date":"2023-12-19T14:54:02","date_gmt":"2023-12-19T20:54:02","guid":{"rendered":"https:\/\/encuentroinformativo.com.mx\/?p=48712"},"modified":"2023-12-19T14:54:07","modified_gmt":"2023-12-19T20:54:07","slug":"ofrecera-fundacion-pleey-cena-navidena-para-familias-de-la-periferia","status":"publish","type":"post","link":"https:\/\/encuentroinformativo.com.mx\/?p=48712","title":{"rendered":"Ofrecer\u00e1 Fundaci\u00f3n Pleey cena navide\u00f1a para familias de la periferia"},"content":{"rendered":"\n<p><strong>Dar\u00edo Pale <\/strong><\/p>\n\n\n\n<p>Xalapa, Ver.- La &#8220;Fundaci\u00f3n Pleey&#8221; cumple 12 a\u00f1os haciendo felices a xalape\u00f1os con cena navide\u00f1a ya que desde el a\u00f1o 2011 realiza una cena de navidad para m\u00e1s de mil quinientas personas de diversas colonias de la periferia de Xalapa, donde las familias viven en situaci\u00f3n de vulnerabilidad.\u00a0<\/p>\n\n\n\n<p>Gracias a la generosidad de bienhechores y patrocinadores, a las familias se les brinda transporte gratuito para que puedan trasladarse al sal\u00f3n del evento y regresar a sus hogares.<\/p>\n\n\n\n<p>Todas las personas degustan una cena deliciosa; los ni\u00f1os reciben aguinaldos de dulces, a los adultos mayores se les obsequia una cobija y todas las familias reciben una despensa. Todo esto, acompa\u00f1ado de un festival art\u00edstico.\u00a0<\/p>\n\n\n\n<p>En esta ocasi\u00f3n la cena navide\u00f1a se realizar\u00e1 el pr\u00f3ximo viernes 22 de diciembre en punto de las 18:00 horas, en el Sal\u00f3n El Caracol. Hasta ese lugar llegar\u00e1n las familias que previamente fueron seleccionadas y recibieron sus invitaciones para poder acceder al lugar.\u00a0<\/p>\n\n\n\n<p>El pasado 20 de noviembre la &#8220;Fundaci\u00f3n Pleey&#8221; cumpli\u00f3 18 a\u00f1os de haber sido fundada, por lo que con este magno evento concluir\u00e1 sus actividades anuales.<\/p>\n","protected":false},"excerpt":{"rendered":"<p>Dar\u00edo Pale Xalapa, Ver.- La &#8220;Fundaci\u00f3n Pleey&#8221; cumple 12 a\u00f1os haciendo felices a xalape\u00f1os con cena navide\u00f1a ya que desde el a\u00f1o 2011 realiza una cena de navidad para m\u00e1s de mil quinientas personas de diversas colonias de la periferia de Xalapa, donde las familias viven en situaci\u00f3n de vulnerabilidad.\u00a0 Gracias a la generosidad de [&hellip;]<\/p>\n","protected":false},"author":2476,"featured_media":48713,"comment_status":"open","ping_status":"open","sticky":false,"template":"","format":"standard","meta":{"_jetpack_memberships_contains_paid_content":false,"footnotes":""},"categories":[3],"tags":[],"class_list":["post-48712","post","type-post","status-publish","format-standard","has-post-thumbnail","hentry","category-xalapa"],"jetpack_featured_media_url":"https:\/\/encuentroinformativo.com.mx\/wp-content\/uploads\/2023\/12\/IMG-20231219-WA0048.jpg","jetpack_sharing_enabled":true,"jetpack_likes_enabled":true,"amp_enabled":true,"_links":{"self":[{"href":"https:\/\/encuentroinformativo.com.mx\/index.php?rest_route=\/wp\/v2\/posts\/48712","targetHints":{"allow":["GET"]}}],"collection":[{"href":"https:\/\/encuentroinformativo.com.mx\/index.php?rest_route=\/wp\/v2\/posts"}],"about":[{"href":"https:\/\/encuentroinformativo.com.mx\/index.php?rest_route=\/wp\/v2\/types\/post"}],"author":[{"embeddable":true,"href":"https:\/\/encuentroinformativo.com.mx\/index.php?rest_route=\/wp\/v2\/users\/2476"}],"replies":[{"embeddable":true,"href":"https:\/\/encuentroinformativo.com.mx\/index.php?rest_route=%2Fwp%2Fv2%2Fcomments&post=48712"}],"version-history":[{"count":1,"href":"https:\/\/encuentroinformativo.com.mx\/index.php?rest_route=\/wp\/v2\/posts\/48712\/revisions"}],"predecessor-version":[{"id":48714,"href":"https:\/\/encuentroinformativo.com.mx\/index.php?rest_route=\/wp\/v2\/posts\/48712\/revisions\/48714"}],"wp:featuredmedia":[{"embeddable":true,"href":"https:\/\/encuentroinformativo.com.mx\/index.php?rest_route=\/wp\/v2\/media\/48713"}],"wp:attachment":[{"href":"https:\/\/encuentroinformativo.com.mx\/index.php?rest_route=%2Fwp%2Fv2%2Fmedia&parent=48712"}],"wp:term":[{"taxonomy":"category","embeddable":true,"href":"https:\/\/encuentroinformativo.com.mx\/index.php?rest_route=%2Fwp%2Fv2%2Fcategories&post=48712"},{"taxonomy":"post_tag","embeddable":true,"href":"https:\/\/encuentroinformativo.com.mx\/index.php?rest_route=%2Fwp%2Fv2%2Ftags&post=48712"}],"curies":[{"name":"wp","href":"https:\/\/api.w.org\/{rel}","templated":true}]}}