{"id":48727,"date":"2023-12-20T09:21:12","date_gmt":"2023-12-20T15:21:12","guid":{"rendered":"https:\/\/encuentroinformativo.com.mx\/?p=48727"},"modified":"2023-12-20T09:21:15","modified_gmt":"2023-12-20T15:21:15","slug":"xalapa-sin-diputados","status":"publish","type":"post","link":"https:\/\/encuentroinformativo.com.mx\/?p=48727","title":{"rendered":"XALAPA, SIN DIPUTADOS"},"content":{"rendered":"\n<p id=\"m_3941131926980346080m_2324406004202274386docs-internal-guid-bde92e47-8521-2bc9-0b02-d7324b7e3e21\"><strong>Los Pol\u00edticos<\/strong><\/p>\n\n\n\n<p><strong>Salvador Mu\u00f1oz<\/strong><\/p>\n\n\n\n<p>Hubo un tiempo en que el poder legislativo, fuera federal o local, acompa\u00f1aba al Poder Municipal de Xalapa por lo regular en el corte de list\u00f3n de alguna calle pavimentada, introducci\u00f3n de drenaje, alguna remodelaci\u00f3n en un parque o lo que fuera\u2026 la unidad estaba patente entre estos representantes del pueblo\u2026<\/p>\n\n\n\n<p>S\u00ed, hubo un tiempo en que se pod\u00eda ver hasta a un presidente municipal de un partido agradeciendo a un diputado federal de otro partido, por el apoyo brindado, no al Ayuntamiento, sino a la Atenas Veracruzana\u2026<\/p>\n\n\n\n<p>Esos tiempos est\u00e1n distantes desde hace algunos a\u00f1os en la capital del Estado desde que Xalapa dej\u00f3 dej\u00f3 de tener diputados federales y los locales, viven distanciados del presidente municipal de la Atenas.<\/p>\n\n\n\n<p>Es cierto. Desde el 2015, nuestros legisladores federales dejaron de trabajar para Xalapa para dedicarse en cuerpo y alma a un Movimiento\u2026<\/p>\n\n\n\n<p>Cuitl\u00e1huac Garc\u00eda nunca destin\u00f3 un solo proyecto durante su estancia en San L\u00e1zaro en beneficio de la capital veracruzana\u2026 y Rafael Hern\u00e1ndez Villalpando, en dos periodos, ha brillado por su ausencia, tanto en el Congreso de la Uni\u00f3n como en Xalapa\u2026<\/p>\n\n\n\n<p>Claudia Tello, una completa desconocida en Xalapa, empez\u00f3 a verse \u00a1pero en la zona conurbada de Veracruz! Y hoy es una prospecta a disputar en las urnas un esca\u00f1o en el Senado.<\/p>\n\n\n\n<p>Es seguro que veamos a las diputadas locales Ana Miriam Ferr\u00e1ez y Rosalinda Galindo acompa\u00f1ando en su Informe de Actividades al presidente municipal Ricardo Ahued\u2026 m\u00e1s all\u00e1 de eso, al parecer hay una \u201csana distancia\u201d\u2026<\/p>\n\n\n\n<p>Villalpando ha anunciado su pretensi\u00f3n de reelegirse\u2026 las legisladoras locales, su pretensi\u00f3n de pasar del Palacio de Encanto a San L\u00e1zaro\u2026 el Gobernador Cuic impulsa a su mancebo coordinador de Comunicaci\u00f3n Social, Iv\u00e1n Luna, como pretendiente a una curul local\u2026 \u00bfy la Oposici\u00f3n?<\/p>\n\n\n\n<p>Hasta el momento hay tres figuras que podr\u00edan dar la cara y en una de \u00e9sas, dar la sorpresa\u2026<\/p>\n\n\n\n<p>Hasta el momento, en la Oposici\u00f3n est\u00e1n a la espera de que Am\u00e9rico Z\u00fa\u00f1iga Mart\u00ednez se decida de una vez por todas, para ir en pos de una curul federal mientras que por la local, hay dos tiradores\u2026<\/p>\n\n\n\n<p>Por el lado rural, se menciona a Sergio Hern\u00e1ndez Hern\u00e1ndez, empresario restaurantero y ex coordinador azul en la antepasada Legislatura\u2026<\/p>\n\n\n\n<p>Por el lado urbano, est\u00e1 Carlos Rugerio Mart\u00ednez, regidor en el Ayuntamiento de Xalapa, lo que sin duda, es parte de su plus entre los aspirantes. \u00bfPor qu\u00e9? Simple. Al trabajar Ricardo Ahued sin distingos partidistas, ha permitido que su cabildo transite a su lado con y sin \u00e9l, por el municipio xalape\u00f1o lo que de un modo u otro, en el caso de Carlos, le permite un excelente balc\u00f3n de exposici\u00f3n pol\u00edtica.<\/p>\n\n\n\n<p>Agregue en Carlos que es Presidente de La Red J\u00f3venes por M\u00e9xico en Veracruz, uno de los sectores m\u00e1s relevantes y de inter\u00e9s de los pol\u00edticos\u2026 Samuel Garc\u00eda no estaba errado en su breve campa\u00f1a: iba por el voto joven.<\/p>\n\n\n\n<p>Y parafraseando a las Mujeres Divinas de Mart\u00edn Urieta, \u201chablando de pol\u00edtica y traiciones\u201d, hay un caso singular para recordar en el caso de Carlos Rugerio\u2026 en el 2018, hubo tres chavos que se disputaban la coordinaci\u00f3n de j\u00f3venes en la campa\u00f1a de Pepe Yunes: Sandro G\u00f3mez, N\u00e9stor Sosa y Carlos Rugerio. Al final, la coordinaci\u00f3n cay\u00f3 en manos del primero\u2026 La historia ya la sabemos y Pepe tambi\u00e9n: Sandro se fue al PAN\u2026 y N\u00e9stor, de ser el orgullo del pri\u00edsmo por ser el alcalde m\u00e1s joven en su reba\u00f1o, pas\u00f3 al Bolaochismo y ahora salta al Nahlismo\u2026<\/p>\n\n\n\n<p>Como sea\u2026 la Oposici\u00f3n en Xalapa, est\u00e1 con Am\u00e9rico y Sergio Hern\u00e1ndez seguramente embasados y Carlos, nuevamente, esperando turno al bat checando las se\u00f1ales que le d\u00e9 Pepe.<\/p>\n","protected":false},"excerpt":{"rendered":"<p>Los Pol\u00edticos Salvador Mu\u00f1oz Hubo un tiempo en que el poder legislativo, fuera federal o local, acompa\u00f1aba al Poder Municipal de Xalapa por lo regular en el corte de list\u00f3n de alguna calle pavimentada, introducci\u00f3n de drenaje, alguna remodelaci\u00f3n en un parque o lo que fuera\u2026 la unidad estaba patente entre estos representantes del pueblo\u2026 [&hellip;]<\/p>\n","protected":false},"author":2476,"featured_media":387,"comment_status":"open","ping_status":"open","sticky":false,"template":"","format":"standard","meta":{"_jetpack_memberships_contains_paid_content":false,"footnotes":""},"categories":[11],"tags":[],"class_list":["post-48727","post","type-post","status-publish","format-standard","has-post-thumbnail","hentry","category-opinion"],"jetpack_featured_media_url":"https:\/\/encuentroinformativo.com.mx\/wp-content\/uploads\/2020\/03\/7CF8A22B-2764-47BE-8F7F-38FE9E5D6A2F.jpeg","jetpack_sharing_enabled":true,"jetpack_likes_enabled":true,"amp_enabled":true,"_links":{"self":[{"href":"https:\/\/encuentroinformativo.com.mx\/index.php?rest_route=\/wp\/v2\/posts\/48727","targetHints":{"allow":["GET"]}}],"collection":[{"href":"https:\/\/encuentroinformativo.com.mx\/index.php?rest_route=\/wp\/v2\/posts"}],"about":[{"href":"https:\/\/encuentroinformativo.com.mx\/index.php?rest_route=\/wp\/v2\/types\/post"}],"author":[{"embeddable":true,"href":"https:\/\/encuentroinformativo.com.mx\/index.php?rest_route=\/wp\/v2\/users\/2476"}],"replies":[{"embeddable":true,"href":"https:\/\/encuentroinformativo.com.mx\/index.php?rest_route=%2Fwp%2Fv2%2Fcomments&post=48727"}],"version-history":[{"count":1,"href":"https:\/\/encuentroinformativo.com.mx\/index.php?rest_route=\/wp\/v2\/posts\/48727\/revisions"}],"predecessor-version":[{"id":48728,"href":"https:\/\/encuentroinformativo.com.mx\/index.php?rest_route=\/wp\/v2\/posts\/48727\/revisions\/48728"}],"wp:featuredmedia":[{"embeddable":true,"href":"https:\/\/encuentroinformativo.com.mx\/index.php?rest_route=\/wp\/v2\/media\/387"}],"wp:attachment":[{"href":"https:\/\/encuentroinformativo.com.mx\/index.php?rest_route=%2Fwp%2Fv2%2Fmedia&parent=48727"}],"wp:term":[{"taxonomy":"category","embeddable":true,"href":"https:\/\/encuentroinformativo.com.mx\/index.php?rest_route=%2Fwp%2Fv2%2Fcategories&post=48727"},{"taxonomy":"post_tag","embeddable":true,"href":"https:\/\/encuentroinformativo.com.mx\/index.php?rest_route=%2Fwp%2Fv2%2Ftags&post=48727"}],"curies":[{"name":"wp","href":"https:\/\/api.w.org\/{rel}","templated":true}]}}