{"id":48741,"date":"2023-12-20T12:35:54","date_gmt":"2023-12-20T18:35:54","guid":{"rendered":"https:\/\/encuentroinformativo.com.mx\/?p=48741"},"modified":"2023-12-20T12:35:57","modified_gmt":"2023-12-20T18:35:57","slug":"desconoce-manuel-huerta-si-pvem-abandonara-alianza","status":"publish","type":"post","link":"https:\/\/encuentroinformativo.com.mx\/?p=48741","title":{"rendered":"Desconoce Manuel Huerta si PVEM abandonar\u00e1 alianza"},"content":{"rendered":"\n<p><strong>Dar\u00edo Pale <\/strong><\/p>\n\n\n\n<p>Xalapa, Ver.- Desconoce si el Partido Verde Ecologista de M\u00e9xico tom\u00f3 la decisi\u00f3n de salir de la alianza &#8220;Juntos Haremos Historia&#8221;, integrada tambi\u00e9n por Morena y Partido del Trabajo, as\u00ed lo dio a conocer el precandidato al Senado de la Rep\u00fablica, Manuel Huerta Ladr\u00f3n de Guevara.<\/p>\n\n\n\n<p>En entrevista se\u00f1al\u00f3 que, \u201cno estoy metido en ese tema, ma\u00f1ana les preguntar\u00e9 sobre el tema, porque si estamos coordinados, pero traemos trabajos distintos\u201d.<\/p>\n\n\n\n<p>Dijo que \u00e9l est\u00e1 ocupado en su precampa\u00f1a dirigida a militantes y simpatizantes de Morena, y quien trabaja la coordinaci\u00f3n de la Cuarta Transformaci\u00f3n en Veracruz es Roc\u00edo Nahle.<\/p>\n\n\n\n<p>Reiter\u00f3 que desconoce si el Partido Verde rompi\u00f3 parcial o totalmente su participaci\u00f3n en la coalici\u00f3n junto al PT y Morena, pero habr\u00e1 de solicitar informaci\u00f3n al respecto.<\/p>\n\n\n\n<p>Por \u00faltimo, opin\u00f3 que el tiempo en que las c\u00fapulas de los partidos decid\u00edan las candidaturas ha terminado, pues ahora es el pueblo quien elige a sus candidatos, como a sus representantes populares.<\/p>\n","protected":false},"excerpt":{"rendered":"<p>Dar\u00edo Pale Xalapa, Ver.- Desconoce si el Partido Verde Ecologista de M\u00e9xico tom\u00f3 la decisi\u00f3n de salir de la alianza &#8220;Juntos Haremos Historia&#8221;, integrada tambi\u00e9n por Morena y Partido del Trabajo, as\u00ed lo dio a conocer el precandidato al Senado de la Rep\u00fablica, Manuel Huerta Ladr\u00f3n de Guevara. En entrevista se\u00f1al\u00f3 que, \u201cno estoy metido [&hellip;]<\/p>\n","protected":false},"author":2476,"featured_media":46601,"comment_status":"open","ping_status":"open","sticky":false,"template":"","format":"standard","meta":{"_jetpack_memberships_contains_paid_content":false,"footnotes":""},"categories":[2],"tags":[],"class_list":["post-48741","post","type-post","status-publish","format-standard","has-post-thumbnail","hentry","category-estado"],"jetpack_featured_media_url":"https:\/\/encuentroinformativo.com.mx\/wp-content\/uploads\/2023\/10\/IMG-20231018-WA00462.jpg","jetpack_sharing_enabled":true,"jetpack_likes_enabled":true,"amp_enabled":true,"_links":{"self":[{"href":"https:\/\/encuentroinformativo.com.mx\/index.php?rest_route=\/wp\/v2\/posts\/48741","targetHints":{"allow":["GET"]}}],"collection":[{"href":"https:\/\/encuentroinformativo.com.mx\/index.php?rest_route=\/wp\/v2\/posts"}],"about":[{"href":"https:\/\/encuentroinformativo.com.mx\/index.php?rest_route=\/wp\/v2\/types\/post"}],"author":[{"embeddable":true,"href":"https:\/\/encuentroinformativo.com.mx\/index.php?rest_route=\/wp\/v2\/users\/2476"}],"replies":[{"embeddable":true,"href":"https:\/\/encuentroinformativo.com.mx\/index.php?rest_route=%2Fwp%2Fv2%2Fcomments&post=48741"}],"version-history":[{"count":1,"href":"https:\/\/encuentroinformativo.com.mx\/index.php?rest_route=\/wp\/v2\/posts\/48741\/revisions"}],"predecessor-version":[{"id":48742,"href":"https:\/\/encuentroinformativo.com.mx\/index.php?rest_route=\/wp\/v2\/posts\/48741\/revisions\/48742"}],"wp:featuredmedia":[{"embeddable":true,"href":"https:\/\/encuentroinformativo.com.mx\/index.php?rest_route=\/wp\/v2\/media\/46601"}],"wp:attachment":[{"href":"https:\/\/encuentroinformativo.com.mx\/index.php?rest_route=%2Fwp%2Fv2%2Fmedia&parent=48741"}],"wp:term":[{"taxonomy":"category","embeddable":true,"href":"https:\/\/encuentroinformativo.com.mx\/index.php?rest_route=%2Fwp%2Fv2%2Fcategories&post=48741"},{"taxonomy":"post_tag","embeddable":true,"href":"https:\/\/encuentroinformativo.com.mx\/index.php?rest_route=%2Fwp%2Fv2%2Ftags&post=48741"}],"curies":[{"name":"wp","href":"https:\/\/api.w.org\/{rel}","templated":true}]}}