{"id":48743,"date":"2023-12-20T13:14:57","date_gmt":"2023-12-20T19:14:57","guid":{"rendered":"https:\/\/encuentroinformativo.com.mx\/?p=48743"},"modified":"2023-12-20T13:15:05","modified_gmt":"2023-12-20T19:15:05","slug":"comerciantes-piden-apertura-de-vialidad-en-las-trancas","status":"publish","type":"post","link":"https:\/\/encuentroinformativo.com.mx\/?p=48743","title":{"rendered":"Comerciantes piden apertura de vialidad en Las Trancas"},"content":{"rendered":"\n<p><strong>Juan Arcos <\/strong><\/p>\n\n\n\n<p>Xalapa, Ver.- Comerciantes establecidos de Las Trancas, en los l\u00edmites de Xalapa y Emiliano Zapata, denunciaron que las autoridades estatales pretenden mantener el cierre de la calle Principal para favorecer a la Plaza del Juguete, tras su reci\u00e9n apertura.<\/p>\n\n\n\n<p>Las personas se han visto afectadas econ\u00f3micamente por la construcci\u00f3n del puente a desnivel sobre la carretera federal Xalapa-Veracruz.<\/p>\n\n\n\n<p>Aunque el martes 19 de diciembre se abri\u00f3 un carril de dicho Paso Superior Vehicular solo durante unas horas, a los vendedores no les han informado una fecha para la apertura de la vialidad en Las Trancas.<\/p>\n\n\n\n<p>Est\u00e1n preocupados pues existe la posibilidad de que la apertura de la tienda Chedraui obligue a la gente a pasar por la carretera y as\u00ed no se abra la circulaci\u00f3n en Las Trancas.<\/p>\n\n\n\n<p>&#8220;Ocho meses despu\u00e9s de la construcci\u00f3n del puente ya empieza, pero solamente abrieron un carril. Estamos planeando hacer un movimiento, puesto que, debido a la apertura de Chedraui, pretenden obligar a toda la gente que viene bajando de Xalapa hacia Estanzuela y todos sus lugares, obligarlos a que pasen todos, forzosamente, por la entrada del nuevo Chedraui\u201d.<\/p>\n\n\n\n<p>La gente est\u00e1 tratando de organizarse y hablar con las autoridades, pero hasta ahora no han recibido una respuesta favorable.<\/p>\n\n\n\n<p>\u201cYa tratamos de acercarnos a las autoridades y no nos hacen caso, pues, yo supongo saben de esta situaci\u00f3n. Pretenden, por lo que yo s\u00e9, dejar el tramo de Las Trancas como est\u00e1 de bajada, no hacerlo doble sentido como estaba, y dejar cerrado a\u00fan el acceso hacia la parte de mi negocio\u201d, enfatizaron.<\/p>\n\n\n\n<p>Los comerciantes pidieron a las autoridades estatales la reapertura de la calle Principal de Las Trancas, ya que sus ventas cayeron por la obra del puente, mismo que amaneci\u00f3 cerrado a la circulaci\u00f3n nuevamente este mi\u00e9rcoles 20 de diciembre.<\/p>\n","protected":false},"excerpt":{"rendered":"<p>Juan Arcos Xalapa, Ver.- Comerciantes establecidos de Las Trancas, en los l\u00edmites de Xalapa y Emiliano Zapata, denunciaron que las autoridades estatales pretenden mantener el cierre de la calle Principal para favorecer a la Plaza del Juguete, tras su reci\u00e9n apertura. Las personas se han visto afectadas econ\u00f3micamente por la construcci\u00f3n del puente a desnivel [&hellip;]<\/p>\n","protected":false},"author":2476,"featured_media":48744,"comment_status":"open","ping_status":"open","sticky":false,"template":"","format":"standard","meta":{"_jetpack_memberships_contains_paid_content":false,"footnotes":""},"categories":[8],"tags":[],"class_list":["post-48743","post","type-post","status-publish","format-standard","has-post-thumbnail","hentry","category-region"],"jetpack_featured_media_url":"https:\/\/encuentroinformativo.com.mx\/wp-content\/uploads\/2023\/12\/Photo_1703099374769.jpg","jetpack_sharing_enabled":true,"jetpack_likes_enabled":true,"amp_enabled":true,"_links":{"self":[{"href":"https:\/\/encuentroinformativo.com.mx\/index.php?rest_route=\/wp\/v2\/posts\/48743","targetHints":{"allow":["GET"]}}],"collection":[{"href":"https:\/\/encuentroinformativo.com.mx\/index.php?rest_route=\/wp\/v2\/posts"}],"about":[{"href":"https:\/\/encuentroinformativo.com.mx\/index.php?rest_route=\/wp\/v2\/types\/post"}],"author":[{"embeddable":true,"href":"https:\/\/encuentroinformativo.com.mx\/index.php?rest_route=\/wp\/v2\/users\/2476"}],"replies":[{"embeddable":true,"href":"https:\/\/encuentroinformativo.com.mx\/index.php?rest_route=%2Fwp%2Fv2%2Fcomments&post=48743"}],"version-history":[{"count":1,"href":"https:\/\/encuentroinformativo.com.mx\/index.php?rest_route=\/wp\/v2\/posts\/48743\/revisions"}],"predecessor-version":[{"id":48745,"href":"https:\/\/encuentroinformativo.com.mx\/index.php?rest_route=\/wp\/v2\/posts\/48743\/revisions\/48745"}],"wp:featuredmedia":[{"embeddable":true,"href":"https:\/\/encuentroinformativo.com.mx\/index.php?rest_route=\/wp\/v2\/media\/48744"}],"wp:attachment":[{"href":"https:\/\/encuentroinformativo.com.mx\/index.php?rest_route=%2Fwp%2Fv2%2Fmedia&parent=48743"}],"wp:term":[{"taxonomy":"category","embeddable":true,"href":"https:\/\/encuentroinformativo.com.mx\/index.php?rest_route=%2Fwp%2Fv2%2Fcategories&post=48743"},{"taxonomy":"post_tag","embeddable":true,"href":"https:\/\/encuentroinformativo.com.mx\/index.php?rest_route=%2Fwp%2Fv2%2Ftags&post=48743"}],"curies":[{"name":"wp","href":"https:\/\/api.w.org\/{rel}","templated":true}]}}