{"id":48754,"date":"2023-12-20T14:25:56","date_gmt":"2023-12-20T20:25:56","guid":{"rendered":"https:\/\/encuentroinformativo.com.mx\/?p=48754"},"modified":"2023-12-20T14:26:00","modified_gmt":"2023-12-20T20:26:00","slug":"repunta-venta-de-pinatas-senalan-artesanos","status":"publish","type":"post","link":"https:\/\/encuentroinformativo.com.mx\/?p=48754","title":{"rendered":"Repunta venta de pi\u00f1atas, se\u00f1alan artesanos"},"content":{"rendered":"\n<p><strong>Juan Arcos <\/strong><\/p>\n\n\n\n<p>Xalapa, Ver.- Artesanos reportan un incremento en la venta de pi\u00f1atas en la zona centro de la ciudad de Xalapa superior al 50 por ciento previo a la Nochebuena y Navidad.<\/p>\n\n\n\n<p>Axel Germ\u00e1n V\u00e1zquez Aburto es encargado de la tienda Mundo Nuevo, donde aumentaron la producci\u00f3n de pi\u00f1atas para las fiestas decembrinas y, sobre todo, las posadas.<\/p>\n\n\n\n<p>El negocio se localiza sobre la calle Abasolo, n\u00famero 10, cerca de la zona conocida como El \u00c1rbol en la capital veracruzana.<\/p>\n\n\n\n<p>Los vendedores se preparan para las fechas fabricando pi\u00f1atas y decoraciones desde principios de noviembre. La pi\u00f1ata m\u00e1s vendida es la de cuatro, cinco y seis picos. La m\u00e1s cara es una que cuesta 500 pesos. El precio var\u00eda, dependiendo del tama\u00f1o.<\/p>\n\n\n\n<p>\u201cDesde noviembre, a principios de noviembre, empezamos a fabricar todo lo que es cono, todo lo que es la ollita, todo lo que es la decoraci\u00f3n de la estrella. La m\u00e1s vendida es la de cuatro, cinco, seis picos, que te sale en 130, que es tama\u00f1o intermedio, que es la que agarran para las posadas\u201d.<\/p>\n\n\n\n<p>Tienen alrededor de 20 empleados y producen entre 100 y 150 pi\u00f1atas por d\u00eda. Durante la temporada, sus ventas incrementan de manera considerable y por ello es necesaria la elaboraci\u00f3n de un mayor n\u00famero de piezas.<\/p>\n\n\n\n<p>\u201cLa m\u00e1s cara que tengo es una que te manejamos que te sale en 500 pesos, que aproximadamente mide como un metro de ancho, como por metro y medio de largo. Ahorita no tenemos en existencia, esas ya m\u00e1s que nada las hemos sobrepedido para lo que son pues tiendas grandes o para empresas grandes\u201d, enfatiz\u00f3.<\/p>\n\n\n\n<figure class=\"wp-block-image size-large\"><img loading=\"lazy\" decoding=\"async\" width=\"960\" height=\"720\" src=\"https:\/\/encuentroinformativo.com.mx\/wp-content\/uploads\/2023\/12\/0bbe3ca4-f13f-4168-9784-1985c59ef2a4.jpg\" alt=\"\" class=\"wp-image-48756\" srcset=\"https:\/\/encuentroinformativo.com.mx\/wp-content\/uploads\/2023\/12\/0bbe3ca4-f13f-4168-9784-1985c59ef2a4.jpg 960w, https:\/\/encuentroinformativo.com.mx\/wp-content\/uploads\/2023\/12\/0bbe3ca4-f13f-4168-9784-1985c59ef2a4-300x225.jpg 300w, https:\/\/encuentroinformativo.com.mx\/wp-content\/uploads\/2023\/12\/0bbe3ca4-f13f-4168-9784-1985c59ef2a4-768x576.jpg 768w\" sizes=\"auto, (max-width: 960px) 100vw, 960px\" \/><\/figure>\n","protected":false},"excerpt":{"rendered":"<p>Juan Arcos Xalapa, Ver.- Artesanos reportan un incremento en la venta de pi\u00f1atas en la zona centro de la ciudad de Xalapa superior al 50 por ciento previo a la Nochebuena y Navidad. Axel Germ\u00e1n V\u00e1zquez Aburto es encargado de la tienda Mundo Nuevo, donde aumentaron la producci\u00f3n de pi\u00f1atas para las fiestas decembrinas y, [&hellip;]<\/p>\n","protected":false},"author":2476,"featured_media":48755,"comment_status":"open","ping_status":"open","sticky":false,"template":"","format":"standard","meta":{"_jetpack_memberships_contains_paid_content":false,"footnotes":""},"categories":[3],"tags":[],"class_list":["post-48754","post","type-post","status-publish","format-standard","has-post-thumbnail","hentry","category-xalapa"],"jetpack_featured_media_url":"https:\/\/encuentroinformativo.com.mx\/wp-content\/uploads\/2023\/12\/9bd9c02b-ffa5-40ff-8b18-25efe99e27f7.jpg","jetpack_sharing_enabled":true,"jetpack_likes_enabled":true,"amp_enabled":true,"_links":{"self":[{"href":"https:\/\/encuentroinformativo.com.mx\/index.php?rest_route=\/wp\/v2\/posts\/48754","targetHints":{"allow":["GET"]}}],"collection":[{"href":"https:\/\/encuentroinformativo.com.mx\/index.php?rest_route=\/wp\/v2\/posts"}],"about":[{"href":"https:\/\/encuentroinformativo.com.mx\/index.php?rest_route=\/wp\/v2\/types\/post"}],"author":[{"embeddable":true,"href":"https:\/\/encuentroinformativo.com.mx\/index.php?rest_route=\/wp\/v2\/users\/2476"}],"replies":[{"embeddable":true,"href":"https:\/\/encuentroinformativo.com.mx\/index.php?rest_route=%2Fwp%2Fv2%2Fcomments&post=48754"}],"version-history":[{"count":1,"href":"https:\/\/encuentroinformativo.com.mx\/index.php?rest_route=\/wp\/v2\/posts\/48754\/revisions"}],"predecessor-version":[{"id":48757,"href":"https:\/\/encuentroinformativo.com.mx\/index.php?rest_route=\/wp\/v2\/posts\/48754\/revisions\/48757"}],"wp:featuredmedia":[{"embeddable":true,"href":"https:\/\/encuentroinformativo.com.mx\/index.php?rest_route=\/wp\/v2\/media\/48755"}],"wp:attachment":[{"href":"https:\/\/encuentroinformativo.com.mx\/index.php?rest_route=%2Fwp%2Fv2%2Fmedia&parent=48754"}],"wp:term":[{"taxonomy":"category","embeddable":true,"href":"https:\/\/encuentroinformativo.com.mx\/index.php?rest_route=%2Fwp%2Fv2%2Fcategories&post=48754"},{"taxonomy":"post_tag","embeddable":true,"href":"https:\/\/encuentroinformativo.com.mx\/index.php?rest_route=%2Fwp%2Fv2%2Ftags&post=48754"}],"curies":[{"name":"wp","href":"https:\/\/api.w.org\/{rel}","templated":true}]}}