{"id":48762,"date":"2023-12-20T17:24:54","date_gmt":"2023-12-20T23:24:54","guid":{"rendered":"https:\/\/encuentroinformativo.com.mx\/?p=48762"},"modified":"2023-12-20T17:24:57","modified_gmt":"2023-12-20T23:24:57","slug":"camioneta-se-da-la-fuga-tras-atropellar-y-dar-muerte-a-motociclista-en-alvarado","status":"publish","type":"post","link":"https:\/\/encuentroinformativo.com.mx\/?p=48762","title":{"rendered":"Camioneta se da la fuga tras atropellar y dar muerte a motociclista en Alvarado"},"content":{"rendered":"\n<p><strong>Alejandro \u00c1vila<\/strong><\/p>\n\n\n\n<p>Alvarado, Ver.- El conductor de una camioneta se dio a la fuga en el municipio de Alvarado tras percatarse de que la persona que hab\u00eda atropellado perdi\u00f3 la vida.<\/p>\n\n\n\n<p>Los hechos ocurrieron la noche de este martes en la calle Juan Soto entre Francisco Canal e Ignacio L\u00f3pez Ray\u00f3n de la colonia Centro en el municipio de Alvarado; Armando &#8220;N&#8221; conduc\u00eda su motocicleta color negro cu\u00e1ndo fue impactado por una camioneta quien r\u00e1pidamente se dio a la fuga.<\/p>\n\n\n\n<p>Vecinos de la zona fueron quienes de inmediato solicitar una presencia de una ambulancia mediante una llamada telef\u00f3nica al 911, as\u00ed como el apoyo policial para dar con el paradero del otro conductor.<\/p>\n\n\n\n<p>T\u00e9cnicos en urgencias m\u00e9dicas de protecci\u00f3n civil municipal de Alvarado acudieron hasta ese sector para brindarle los primeros auxilios a Armando, pero desgraciadamente ya s\u00f3lo pudieron confirmar su fallecimiento.<\/p>\n\n\n\n<p>Elementos de la polic\u00eda municipal acudieron a este sitio para realizar el acordonamiento alrededor del lugar del percance, encanto personal de la polic\u00eda ministerial y de servicios periciales se cargo de levantamiento del cuerpo.<\/p>\n","protected":false},"excerpt":{"rendered":"<p>Alejandro \u00c1vila Alvarado, Ver.- El conductor de una camioneta se dio a la fuga en el municipio de Alvarado tras percatarse de que la persona que hab\u00eda atropellado perdi\u00f3 la vida. Los hechos ocurrieron la noche de este martes en la calle Juan Soto entre Francisco Canal e Ignacio L\u00f3pez Ray\u00f3n de la colonia Centro [&hellip;]<\/p>\n","protected":false},"author":2476,"featured_media":48763,"comment_status":"open","ping_status":"open","sticky":false,"template":"","format":"standard","meta":{"_jetpack_memberships_contains_paid_content":false,"footnotes":""},"categories":[14],"tags":[],"class_list":["post-48762","post","type-post","status-publish","format-standard","has-post-thumbnail","hentry","category-policiaca"],"jetpack_featured_media_url":"https:\/\/encuentroinformativo.com.mx\/wp-content\/uploads\/2023\/12\/IMG-20231220-WA0065.jpg","jetpack_sharing_enabled":true,"jetpack_likes_enabled":true,"amp_enabled":true,"_links":{"self":[{"href":"https:\/\/encuentroinformativo.com.mx\/index.php?rest_route=\/wp\/v2\/posts\/48762","targetHints":{"allow":["GET"]}}],"collection":[{"href":"https:\/\/encuentroinformativo.com.mx\/index.php?rest_route=\/wp\/v2\/posts"}],"about":[{"href":"https:\/\/encuentroinformativo.com.mx\/index.php?rest_route=\/wp\/v2\/types\/post"}],"author":[{"embeddable":true,"href":"https:\/\/encuentroinformativo.com.mx\/index.php?rest_route=\/wp\/v2\/users\/2476"}],"replies":[{"embeddable":true,"href":"https:\/\/encuentroinformativo.com.mx\/index.php?rest_route=%2Fwp%2Fv2%2Fcomments&post=48762"}],"version-history":[{"count":1,"href":"https:\/\/encuentroinformativo.com.mx\/index.php?rest_route=\/wp\/v2\/posts\/48762\/revisions"}],"predecessor-version":[{"id":48764,"href":"https:\/\/encuentroinformativo.com.mx\/index.php?rest_route=\/wp\/v2\/posts\/48762\/revisions\/48764"}],"wp:featuredmedia":[{"embeddable":true,"href":"https:\/\/encuentroinformativo.com.mx\/index.php?rest_route=\/wp\/v2\/media\/48763"}],"wp:attachment":[{"href":"https:\/\/encuentroinformativo.com.mx\/index.php?rest_route=%2Fwp%2Fv2%2Fmedia&parent=48762"}],"wp:term":[{"taxonomy":"category","embeddable":true,"href":"https:\/\/encuentroinformativo.com.mx\/index.php?rest_route=%2Fwp%2Fv2%2Fcategories&post=48762"},{"taxonomy":"post_tag","embeddable":true,"href":"https:\/\/encuentroinformativo.com.mx\/index.php?rest_route=%2Fwp%2Fv2%2Ftags&post=48762"}],"curies":[{"name":"wp","href":"https:\/\/api.w.org\/{rel}","templated":true}]}}