{"id":48770,"date":"2023-12-21T11:53:15","date_gmt":"2023-12-21T17:53:15","guid":{"rendered":"https:\/\/encuentroinformativo.com.mx\/?p=48770"},"modified":"2023-12-21T11:53:20","modified_gmt":"2023-12-21T17:53:20","slug":"por-temporada-vigilan-mas-de-10-mil-elementos-plazas-comerciales","status":"publish","type":"post","link":"https:\/\/encuentroinformativo.com.mx\/?p=48770","title":{"rendered":"Por temporada, vigilan m\u00e1s de 10 mil elementos plazas comerciales"},"content":{"rendered":"\n<p><strong>Dar\u00edo Pale<\/strong><\/p>\n\n\n\n<p>Xalapa, Ver.- Inicia de manera positiva la temporada invernal, record\u00f3 que hay 10 mil efectivos cuidando las plazas, ciudades, entre otros, as\u00ed lo dio a conocer el gobernador Cuitl\u00e1huac Garc\u00eda Jim\u00e9nez.<\/p>\n\n\n\n<p>En entrevista se\u00f1al\u00f3 que la temporada vacacional decembrina arranc\u00f3 bastante bien en materia econ\u00f3mica, y augur\u00f3 una buena temporada para todos los sectores econ\u00f3micos y productivos, en todo el Estado.<\/p>\n\n\n\n<p>&#8220;En temas de seguridad bastante bien&#8221;, a\u00f1adi\u00f3 y tambi\u00e9n recomend\u00f3 abrigarse porque los pron\u00f3sticos indican que habr\u00e1 bajas temperaturas.<\/p>\n\n\n\n<p>El Ejecutivo record\u00f3 que hay alrededor de 10 mil elementos efectivos de las diversas corporaciones tanto del Estado como de la Federaci\u00f3n cuidando las ciudades, plazas y dem\u00e1s en estos d\u00edas .<\/p>\n\n\n\n<p>Reiter\u00f3 que el tema de Ciudad Mendoza va avanzando, luego de la detenci\u00f3n y vinculaci\u00f3n a proceso de Fausto N, delegado de Tr\u00e1nsito en el municipio, &#8220;yo creo que vamos a dar resultados, hasta el momento, importantes, una&#8230;la Fiscal\u00eda lo tiene reservado&#8221;.<\/p>\n\n\n\n<p>En otro orden de ideas dio a conocer que Veracruz tendr\u00e1 posibilidad de desarrollar cuatro polos de desarrollo, inform\u00f3 que este viernes acompa\u00f1ar\u00e1 al presidente Andr\u00e9s Manuel L\u00f3pez Obrador a inaugurar el Tren Interoce\u00e1nico.<\/p>\n\n\n\n<p>El Ejecutivo dijo que har\u00e1 el recorrido en el tren de pasajeros y record\u00f3 que tambi\u00e9n es un tren de carga, incluso ser\u00e1 una de sus actividades principales.<\/p>\n\n\n\n<p>&#8220;Nos da mucho gusto porque hay conexi\u00f3n muy importante entre varios pueblos que est\u00e1n entre Oaxaca y Veracruz, que comparten el Istmo, una cultura conjunta&#8221;, se\u00f1al\u00f3.<\/p>\n\n\n\n<p>&#8220;Me da gusto tambi\u00e9n que Medias Aguas, que es un punto de conexi\u00f3n con el ferrocarril hacia Veracruz, tambi\u00e9n a futuro, ya se planea el tren de pasajeros&#8221;, agreg\u00f3.<\/p>\n\n\n\n<p>Por lo que, con la nueva v\u00eda de comunicaci\u00f3n habr\u00e1 conexi\u00f3n desde el puerto de Veracruz a Medias Aguas, estaci\u00f3n Intermedia entre Coatzacoalcos y Salina Cruz y, de ah\u00ed a Coatzacoalcos, posteriormente hacia Palenque y el Tren Maya.<\/p>\n\n\n\n<p>Por lo tanto, habr\u00e1 posibilidades de viajar por tren del puerto de Veracruz hasta Canc\u00fan, por lo que asever\u00f3 que con el ferrocarril interoce\u00e1nico se asentar\u00e1n polos de bienestar o lo que antes se denominaban parques industriales.<\/p>\n\n\n\n<p>En ese orden de ideas, adelant\u00f3 que Veracruz tendr\u00eda posibilidad de desarrollar cuatro polos de bienestar y seis en Oaxaca.<\/p>\n\n\n\n<p>Refiri\u00f3 que incluso ya est\u00e1n licitados y que el titular de Sedecop, Enrique Nach\u00f3n se reuni\u00f3 con empresarios para presentar la ventanilla \u00fanica para que puedan hacer los tr\u00e1mites.<\/p>\n\n\n\n<p>Por \u00faltimo mencion\u00f3 que los polos se licitan a empresas y estas se encargan de hacer todo el parque industrial.<\/p>\n","protected":false},"excerpt":{"rendered":"<p>Dar\u00edo Pale Xalapa, Ver.- Inicia de manera positiva la temporada invernal, record\u00f3 que hay 10 mil efectivos cuidando las plazas, ciudades, entre otros, as\u00ed lo dio a conocer el gobernador Cuitl\u00e1huac Garc\u00eda Jim\u00e9nez. En entrevista se\u00f1al\u00f3 que la temporada vacacional decembrina arranc\u00f3 bastante bien en materia econ\u00f3mica, y augur\u00f3 una buena temporada para todos los [&hellip;]<\/p>\n","protected":false},"author":2476,"featured_media":48771,"comment_status":"open","ping_status":"open","sticky":false,"template":"","format":"standard","meta":{"_jetpack_memberships_contains_paid_content":false,"footnotes":""},"categories":[2],"tags":[],"class_list":["post-48770","post","type-post","status-publish","format-standard","has-post-thumbnail","hentry","category-estado"],"jetpack_featured_media_url":"https:\/\/encuentroinformativo.com.mx\/wp-content\/uploads\/2023\/12\/IMG-20231221-WA0005.jpg","jetpack_sharing_enabled":true,"jetpack_likes_enabled":true,"amp_enabled":true,"_links":{"self":[{"href":"https:\/\/encuentroinformativo.com.mx\/index.php?rest_route=\/wp\/v2\/posts\/48770","targetHints":{"allow":["GET"]}}],"collection":[{"href":"https:\/\/encuentroinformativo.com.mx\/index.php?rest_route=\/wp\/v2\/posts"}],"about":[{"href":"https:\/\/encuentroinformativo.com.mx\/index.php?rest_route=\/wp\/v2\/types\/post"}],"author":[{"embeddable":true,"href":"https:\/\/encuentroinformativo.com.mx\/index.php?rest_route=\/wp\/v2\/users\/2476"}],"replies":[{"embeddable":true,"href":"https:\/\/encuentroinformativo.com.mx\/index.php?rest_route=%2Fwp%2Fv2%2Fcomments&post=48770"}],"version-history":[{"count":1,"href":"https:\/\/encuentroinformativo.com.mx\/index.php?rest_route=\/wp\/v2\/posts\/48770\/revisions"}],"predecessor-version":[{"id":48772,"href":"https:\/\/encuentroinformativo.com.mx\/index.php?rest_route=\/wp\/v2\/posts\/48770\/revisions\/48772"}],"wp:featuredmedia":[{"embeddable":true,"href":"https:\/\/encuentroinformativo.com.mx\/index.php?rest_route=\/wp\/v2\/media\/48771"}],"wp:attachment":[{"href":"https:\/\/encuentroinformativo.com.mx\/index.php?rest_route=%2Fwp%2Fv2%2Fmedia&parent=48770"}],"wp:term":[{"taxonomy":"category","embeddable":true,"href":"https:\/\/encuentroinformativo.com.mx\/index.php?rest_route=%2Fwp%2Fv2%2Fcategories&post=48770"},{"taxonomy":"post_tag","embeddable":true,"href":"https:\/\/encuentroinformativo.com.mx\/index.php?rest_route=%2Fwp%2Fv2%2Ftags&post=48770"}],"curies":[{"name":"wp","href":"https:\/\/api.w.org\/{rel}","templated":true}]}}