{"id":48773,"date":"2023-12-21T12:37:54","date_gmt":"2023-12-21T18:37:54","guid":{"rendered":"https:\/\/encuentroinformativo.com.mx\/?p=48773"},"modified":"2023-12-21T12:37:58","modified_gmt":"2023-12-21T18:37:58","slug":"protestan-docentes-del-tec-de-xalapa-reclaman-pagos","status":"publish","type":"post","link":"https:\/\/encuentroinformativo.com.mx\/?p=48773","title":{"rendered":"Protestan docentes del Tec de Xalapa, reclaman pagos"},"content":{"rendered":"\n<p><strong>Dar\u00edo Pale <\/strong><\/p>\n\n\n\n<p>Xalapa, Ver.- Se manifiestan en la plaza Lerdo Profesores del Instituto Tecnol\u00f3gico de Xalapa (ITSX), protestan por falta de pagos de aguinaldos, prima vacacional y la segunda quincena de diciembre.<\/p>\n\n\n\n<p>Entrevistado durante la manifestaci\u00f3n el secretario general del Sindicato de Empleados y Trabajadores y Docentes del Instituto Superior de Xalapa, Rafael Arcos Morales, indic\u00f3 que el pago de estas prestaciones salariales debi\u00f3 quedar desde el viernes 15 de diciembre.<\/p>\n\n\n\n<p>Por lo anterior est\u00e1n solicitando el apoyo del gobernador del estado Cuitl\u00e1huac Garc\u00eda Jim\u00e9nez para que reciban el pago de aguinaldo, prima vacacional, la quincena de diciembre y el est\u00edmulo al desempe\u00f1o docente.<\/p>\n\n\n\n<p>Se\u00f1al\u00f3 que son un total de 250 los afectados entre profesores y administrativos \u201ctodos estamos con ese problema, porque venc\u00edan los tiempos el 15 de diciembre y hasta la fecha no hay respuesta\u201d.<\/p>\n\n\n\n<p>Finalmente cabe se\u00f1alar que en algunas cartulinas amenazaron con aplicar el voto de castigo en las pr\u00f3ximas elecciones del 2024 si no les resuelven su problem\u00e1tica.<\/p>\n","protected":false},"excerpt":{"rendered":"<p>Dar\u00edo Pale Xalapa, Ver.- Se manifiestan en la plaza Lerdo Profesores del Instituto Tecnol\u00f3gico de Xalapa (ITSX), protestan por falta de pagos de aguinaldos, prima vacacional y la segunda quincena de diciembre. Entrevistado durante la manifestaci\u00f3n el secretario general del Sindicato de Empleados y Trabajadores y Docentes del Instituto Superior de Xalapa, Rafael Arcos Morales, [&hellip;]<\/p>\n","protected":false},"author":2476,"featured_media":48774,"comment_status":"open","ping_status":"open","sticky":false,"template":"","format":"standard","meta":{"_jetpack_memberships_contains_paid_content":false,"footnotes":""},"categories":[3],"tags":[],"class_list":["post-48773","post","type-post","status-publish","format-standard","has-post-thumbnail","hentry","category-xalapa"],"jetpack_featured_media_url":"https:\/\/encuentroinformativo.com.mx\/wp-content\/uploads\/2023\/12\/IMG-20231221-WA0016.jpg","jetpack_sharing_enabled":true,"jetpack_likes_enabled":true,"amp_enabled":true,"_links":{"self":[{"href":"https:\/\/encuentroinformativo.com.mx\/index.php?rest_route=\/wp\/v2\/posts\/48773","targetHints":{"allow":["GET"]}}],"collection":[{"href":"https:\/\/encuentroinformativo.com.mx\/index.php?rest_route=\/wp\/v2\/posts"}],"about":[{"href":"https:\/\/encuentroinformativo.com.mx\/index.php?rest_route=\/wp\/v2\/types\/post"}],"author":[{"embeddable":true,"href":"https:\/\/encuentroinformativo.com.mx\/index.php?rest_route=\/wp\/v2\/users\/2476"}],"replies":[{"embeddable":true,"href":"https:\/\/encuentroinformativo.com.mx\/index.php?rest_route=%2Fwp%2Fv2%2Fcomments&post=48773"}],"version-history":[{"count":1,"href":"https:\/\/encuentroinformativo.com.mx\/index.php?rest_route=\/wp\/v2\/posts\/48773\/revisions"}],"predecessor-version":[{"id":48775,"href":"https:\/\/encuentroinformativo.com.mx\/index.php?rest_route=\/wp\/v2\/posts\/48773\/revisions\/48775"}],"wp:featuredmedia":[{"embeddable":true,"href":"https:\/\/encuentroinformativo.com.mx\/index.php?rest_route=\/wp\/v2\/media\/48774"}],"wp:attachment":[{"href":"https:\/\/encuentroinformativo.com.mx\/index.php?rest_route=%2Fwp%2Fv2%2Fmedia&parent=48773"}],"wp:term":[{"taxonomy":"category","embeddable":true,"href":"https:\/\/encuentroinformativo.com.mx\/index.php?rest_route=%2Fwp%2Fv2%2Fcategories&post=48773"},{"taxonomy":"post_tag","embeddable":true,"href":"https:\/\/encuentroinformativo.com.mx\/index.php?rest_route=%2Fwp%2Fv2%2Ftags&post=48773"}],"curies":[{"name":"wp","href":"https:\/\/api.w.org\/{rel}","templated":true}]}}