{"id":48779,"date":"2023-12-21T14:25:04","date_gmt":"2023-12-21T20:25:04","guid":{"rendered":"https:\/\/encuentroinformativo.com.mx\/?p=48779"},"modified":"2023-12-21T14:25:08","modified_gmt":"2023-12-21T20:25:08","slug":"a-los-que-se-van-que-les-vaya-bien-jesus-zambrano","status":"publish","type":"post","link":"https:\/\/encuentroinformativo.com.mx\/?p=48779","title":{"rendered":"&#8220;A los que se van, que les vaya bien&#8221;: Jes\u00fas Zambrano"},"content":{"rendered":"\n<p><strong>Dar\u00edo Pale <\/strong><\/p>\n\n\n\n<p>Xalapa, Ver.- El presidente nacional del PRD, Jes\u00fas Zambrano, le dese\u00f3 que le vaya bien y que seguramente ya no estaban trabajando en Veracruz, esto tras la renuncia de Anil\u00fa Ingram y un grupo de pri\u00edstas al partido.<\/p>\n\n\n\n<p>En entrevista se\u00f1al\u00f3 que, &#8220;ninguno de ellos tiene presencia ac\u00e1 en el Estado de Veracruz. Si se van, que les vaya bien, quiere decir que ya no estaban trabajando ac\u00e1&#8221;.<\/p>\n\n\n\n<p>Descart\u00f3 que sean poquitos, al contrario, presumi\u00f3 que al contrario, son &#8220;un chingo&#8221;.<\/p>\n\n\n\n<p>&#8220;No somos poquitos, somos un chingo y seremos m\u00e1s. La campa\u00f1a va prendiendo muy bien abajo, los cuadros, la militancia de los tres partidos de la coalici\u00f3n y la vertiente ciudadana de los xochitlovers est\u00e1n trabajando muy bien&#8221;, se\u00f1al\u00f3.<\/p>\n\n\n\n<p>Por su parte, el dirigente del PRD en Veracruz, Sergio Cadena, indic\u00f3 que encabezar\u00e1n los distritos de Tuxpan, Poza Rica, Zongolica, Minatitl\u00e1n y San Andr\u00e9s Tuxtla.<\/p>\n\n\n\n<p>Asimismo, en el caso de las diputaciones locales, dijo que tienen m\u00e1s tiempo, pero hay buen \u00e1nimo.<\/p>\n","protected":false},"excerpt":{"rendered":"<p>Dar\u00edo Pale Xalapa, Ver.- El presidente nacional del PRD, Jes\u00fas Zambrano, le dese\u00f3 que le vaya bien y que seguramente ya no estaban trabajando en Veracruz, esto tras la renuncia de Anil\u00fa Ingram y un grupo de pri\u00edstas al partido. En entrevista se\u00f1al\u00f3 que, &#8220;ninguno de ellos tiene presencia ac\u00e1 en el Estado de Veracruz. [&hellip;]<\/p>\n","protected":false},"author":2476,"featured_media":48777,"comment_status":"open","ping_status":"open","sticky":false,"template":"","format":"standard","meta":{"_jetpack_memberships_contains_paid_content":false,"footnotes":""},"categories":[2],"tags":[],"class_list":["post-48779","post","type-post","status-publish","format-standard","has-post-thumbnail","hentry","category-estado"],"jetpack_featured_media_url":"https:\/\/encuentroinformativo.com.mx\/wp-content\/uploads\/2023\/12\/IMG-20231221-WA00222.jpg","jetpack_sharing_enabled":true,"jetpack_likes_enabled":true,"amp_enabled":true,"_links":{"self":[{"href":"https:\/\/encuentroinformativo.com.mx\/index.php?rest_route=\/wp\/v2\/posts\/48779","targetHints":{"allow":["GET"]}}],"collection":[{"href":"https:\/\/encuentroinformativo.com.mx\/index.php?rest_route=\/wp\/v2\/posts"}],"about":[{"href":"https:\/\/encuentroinformativo.com.mx\/index.php?rest_route=\/wp\/v2\/types\/post"}],"author":[{"embeddable":true,"href":"https:\/\/encuentroinformativo.com.mx\/index.php?rest_route=\/wp\/v2\/users\/2476"}],"replies":[{"embeddable":true,"href":"https:\/\/encuentroinformativo.com.mx\/index.php?rest_route=%2Fwp%2Fv2%2Fcomments&post=48779"}],"version-history":[{"count":1,"href":"https:\/\/encuentroinformativo.com.mx\/index.php?rest_route=\/wp\/v2\/posts\/48779\/revisions"}],"predecessor-version":[{"id":48780,"href":"https:\/\/encuentroinformativo.com.mx\/index.php?rest_route=\/wp\/v2\/posts\/48779\/revisions\/48780"}],"wp:featuredmedia":[{"embeddable":true,"href":"https:\/\/encuentroinformativo.com.mx\/index.php?rest_route=\/wp\/v2\/media\/48777"}],"wp:attachment":[{"href":"https:\/\/encuentroinformativo.com.mx\/index.php?rest_route=%2Fwp%2Fv2%2Fmedia&parent=48779"}],"wp:term":[{"taxonomy":"category","embeddable":true,"href":"https:\/\/encuentroinformativo.com.mx\/index.php?rest_route=%2Fwp%2Fv2%2Fcategories&post=48779"},{"taxonomy":"post_tag","embeddable":true,"href":"https:\/\/encuentroinformativo.com.mx\/index.php?rest_route=%2Fwp%2Fv2%2Ftags&post=48779"}],"curies":[{"name":"wp","href":"https:\/\/api.w.org\/{rel}","templated":true}]}}