{"id":48781,"date":"2023-12-21T16:05:45","date_gmt":"2023-12-21T22:05:45","guid":{"rendered":"https:\/\/encuentroinformativo.com.mx\/?p=48781"},"modified":"2023-12-21T16:05:49","modified_gmt":"2023-12-21T22:05:49","slug":"demanda-amsa-reparacion-de-danos-a-cafetaleros","status":"publish","type":"post","link":"https:\/\/encuentroinformativo.com.mx\/?p=48781","title":{"rendered":"Demanda AMSA reparaci\u00f3n de da\u00f1os a cafetaleros"},"content":{"rendered":"\n<p><strong>Juan Arcos <\/strong><\/p>\n\n\n\n<p>Xalapa, Ver.- La empresa Agroindustrias Unidas de M\u00e9xico (AMSA) exige una reparaci\u00f3n de da\u00f1os por un mill\u00f3n 200 mil pesos a los cafetaleros que fueron demandados por presuntos estragos durante una manifestaci\u00f3n en el beneficio de Ixhuatl\u00e1n del Caf\u00e9.<\/p>\n\n\n\n<p>Los familiares de los productores acusaron que solo de esa forma la compa\u00f1\u00eda retirar\u00eda la demanda contra ellos por la protesta que se llev\u00f3 a cabo el 24 de enero de 2022.<\/p>\n\n\n\n<p>Cabe recordar que en esa ocasi\u00f3n hubo un incendio en el edificio ubicado en Ixhuatl\u00e1n del Caf\u00e9, ubicado en la zona centro del estado de Veracruz.<\/p>\n\n\n\n<p>&#8220;Quieren que se les pague el caf\u00e9 que se les da\u00f1\u00f3. Es que saben que del incendio no van a poder porque todos tenemos pruebas que ellos no estuvieron en el incendio y lo siguen modificando\u201d, indicaron.<\/p>\n\n\n\n<p>De acuerdo con Fernando Celis Callejas, integrante del Consejo Regional del Caf\u00e9 en Coatepec, AMSA acus\u00f3 a 12 productores de caf\u00e9 y cinco de ellos fueron detenidos el 26 de mayo de 2023.<\/p>\n\n\n\n<p>Despu\u00e9s de unos meses quedaron en libertad, tras una lucha legal, as\u00ed como por las manifestaciones realizadas en distintos puntos de la entidad.<\/p>\n\n\n\n<p>Cabe recordar que la Fiscal\u00eda Regional del municipio de C\u00f3rdoba obtuvo una vinculaci\u00f3n a proceso en contra de Viridiana \u201cN\u201d, exalcaldesa de Ixhuatl\u00e1n del Caf\u00e9; Crisanto \u201cN\u201d; Minervo \u201cN\u201d; Abraham \u201cN\u201d y Cirio \u201cN\u201d.<\/p>\n\n\n\n<p>Los cafetaleros fueron se\u00f1alados como presuntos responsables del delito de estragos en agravio de la empresa Agroindustrias Unidas de M\u00e9xico.<\/p>\n\n\n\n<p>Estuvieron presos en el penal de La Toma en Amatl\u00e1n de Los Reyes, cerca del municipio de C\u00f3rdoba, donde el juez de control y procedimiento penal oral del distrito judicial de Huatusco ratific\u00f3 la medida cautelar de prisi\u00f3n preventiva oficiosa por el t\u00e9rmino de un a\u00f1o. Despu\u00e9s fueron liberados pero el proceso legal contin\u00faa.<\/p>\n","protected":false},"excerpt":{"rendered":"<p>Juan Arcos Xalapa, Ver.- La empresa Agroindustrias Unidas de M\u00e9xico (AMSA) exige una reparaci\u00f3n de da\u00f1os por un mill\u00f3n 200 mil pesos a los cafetaleros que fueron demandados por presuntos estragos durante una manifestaci\u00f3n en el beneficio de Ixhuatl\u00e1n del Caf\u00e9. Los familiares de los productores acusaron que solo de esa forma la compa\u00f1\u00eda retirar\u00eda [&hellip;]<\/p>\n","protected":false},"author":2476,"featured_media":48782,"comment_status":"open","ping_status":"open","sticky":false,"template":"","format":"standard","meta":{"_jetpack_memberships_contains_paid_content":false,"footnotes":""},"categories":[8],"tags":[],"class_list":["post-48781","post","type-post","status-publish","format-standard","has-post-thumbnail","hentry","category-region"],"jetpack_featured_media_url":"https:\/\/encuentroinformativo.com.mx\/wp-content\/uploads\/2023\/12\/7c16c87d-30aa-4c2a-a27e-4ec1d9125a4c.jpg","jetpack_sharing_enabled":true,"jetpack_likes_enabled":true,"amp_enabled":true,"_links":{"self":[{"href":"https:\/\/encuentroinformativo.com.mx\/index.php?rest_route=\/wp\/v2\/posts\/48781","targetHints":{"allow":["GET"]}}],"collection":[{"href":"https:\/\/encuentroinformativo.com.mx\/index.php?rest_route=\/wp\/v2\/posts"}],"about":[{"href":"https:\/\/encuentroinformativo.com.mx\/index.php?rest_route=\/wp\/v2\/types\/post"}],"author":[{"embeddable":true,"href":"https:\/\/encuentroinformativo.com.mx\/index.php?rest_route=\/wp\/v2\/users\/2476"}],"replies":[{"embeddable":true,"href":"https:\/\/encuentroinformativo.com.mx\/index.php?rest_route=%2Fwp%2Fv2%2Fcomments&post=48781"}],"version-history":[{"count":1,"href":"https:\/\/encuentroinformativo.com.mx\/index.php?rest_route=\/wp\/v2\/posts\/48781\/revisions"}],"predecessor-version":[{"id":48783,"href":"https:\/\/encuentroinformativo.com.mx\/index.php?rest_route=\/wp\/v2\/posts\/48781\/revisions\/48783"}],"wp:featuredmedia":[{"embeddable":true,"href":"https:\/\/encuentroinformativo.com.mx\/index.php?rest_route=\/wp\/v2\/media\/48782"}],"wp:attachment":[{"href":"https:\/\/encuentroinformativo.com.mx\/index.php?rest_route=%2Fwp%2Fv2%2Fmedia&parent=48781"}],"wp:term":[{"taxonomy":"category","embeddable":true,"href":"https:\/\/encuentroinformativo.com.mx\/index.php?rest_route=%2Fwp%2Fv2%2Fcategories&post=48781"},{"taxonomy":"post_tag","embeddable":true,"href":"https:\/\/encuentroinformativo.com.mx\/index.php?rest_route=%2Fwp%2Fv2%2Ftags&post=48781"}],"curies":[{"name":"wp","href":"https:\/\/api.w.org\/{rel}","templated":true}]}}