{"id":48784,"date":"2023-12-21T16:12:56","date_gmt":"2023-12-21T22:12:56","guid":{"rendered":"https:\/\/encuentroinformativo.com.mx\/?p=48784"},"modified":"2023-12-21T16:13:00","modified_gmt":"2023-12-21T22:13:00","slug":"recibira-veracruz-dos-congresos-tras-danos-en-acapulco","status":"publish","type":"post","link":"https:\/\/encuentroinformativo.com.mx\/?p=48784","title":{"rendered":"Recibir\u00e1 Veracruz dos congresos, tras da\u00f1os en Acapulco"},"content":{"rendered":"\n<p><strong>Alejandro \u00c1vila<\/strong><\/p>\n\n\n\n<p>Boca del R\u00edo, Ver.- Dos congresos que se ten\u00eda programado realizarse en la ciudad de Acapulco, fueron reprogramados para que se lleven a cabo en el World Trade Center de Boca del R\u00edo, inform\u00f3 el secretario de Turismo, Iv\u00e1n Francisco Mart\u00ednez Olvera.<\/p>\n\n\n\n<p>El funcionario estatal mencion\u00f3 que, si bien ha ido recuper\u00e1ndose poco a poco la ciudad de Acapulco tras el paso del hurac\u00e1n Otis, los organizadores mencionaron que tienen complicaciones en temas log\u00edsticos, por lo cual Veracruz alz\u00f3 la mano para cumplir con dichos compromisos.<\/p>\n\n\n\n<p>\u201cEn el tema de congresos y convenciones ya traemos dos eventos grandes para el World Trade Center. Acapulco est\u00e1 haciendo un gran esfuerzo para recuperarse y es muy loable y el tema es que muchas personas est\u00e1n garantizando sus reservaciones en el estado porque aqu\u00ed ya tenemos a certeza de la prestaci\u00f3n de servicios tur\u00edsticos\u201d, dijo.&nbsp;<\/p>\n\n\n\n<p>Precis\u00f3 que este comportamiento se reflejar\u00eda durante los primeros meses del 2024, en tanto aquel puerto se recupera en su infraestructura hotelera y restaurantera para llevar a cabo eventos y convenciones.&nbsp;<\/p>\n\n\n\n<p>\u201cEl primer trimestre del 2024 si podemos tener el rebote de algunos eventos que estaban planeados para Acapulco y ya, posteriormente, al primer trimestre Acapulco estar\u00e1 recobrando fuerzas\u201d.&nbsp;<\/p>\n\n\n\n<p>En materia tur\u00edstica en general, se\u00f1al\u00f3 que se arranc\u00f3 bien la temporada vacacional de navidad y se estiman un mill\u00f3n de visitantes.<\/p>\n","protected":false},"excerpt":{"rendered":"<p>Alejandro \u00c1vila Boca del R\u00edo, Ver.- Dos congresos que se ten\u00eda programado realizarse en la ciudad de Acapulco, fueron reprogramados para que se lleven a cabo en el World Trade Center de Boca del R\u00edo, inform\u00f3 el secretario de Turismo, Iv\u00e1n Francisco Mart\u00ednez Olvera. El funcionario estatal mencion\u00f3 que, si bien ha ido recuper\u00e1ndose poco [&hellip;]<\/p>\n","protected":false},"author":2476,"featured_media":48785,"comment_status":"open","ping_status":"open","sticky":false,"template":"","format":"standard","meta":{"_jetpack_memberships_contains_paid_content":false,"footnotes":""},"categories":[2],"tags":[],"class_list":["post-48784","post","type-post","status-publish","format-standard","has-post-thumbnail","hentry","category-estado"],"jetpack_featured_media_url":"https:\/\/encuentroinformativo.com.mx\/wp-content\/uploads\/2023\/12\/IMG-20231221-WA0053.jpg","jetpack_sharing_enabled":true,"jetpack_likes_enabled":true,"amp_enabled":true,"_links":{"self":[{"href":"https:\/\/encuentroinformativo.com.mx\/index.php?rest_route=\/wp\/v2\/posts\/48784","targetHints":{"allow":["GET"]}}],"collection":[{"href":"https:\/\/encuentroinformativo.com.mx\/index.php?rest_route=\/wp\/v2\/posts"}],"about":[{"href":"https:\/\/encuentroinformativo.com.mx\/index.php?rest_route=\/wp\/v2\/types\/post"}],"author":[{"embeddable":true,"href":"https:\/\/encuentroinformativo.com.mx\/index.php?rest_route=\/wp\/v2\/users\/2476"}],"replies":[{"embeddable":true,"href":"https:\/\/encuentroinformativo.com.mx\/index.php?rest_route=%2Fwp%2Fv2%2Fcomments&post=48784"}],"version-history":[{"count":1,"href":"https:\/\/encuentroinformativo.com.mx\/index.php?rest_route=\/wp\/v2\/posts\/48784\/revisions"}],"predecessor-version":[{"id":48786,"href":"https:\/\/encuentroinformativo.com.mx\/index.php?rest_route=\/wp\/v2\/posts\/48784\/revisions\/48786"}],"wp:featuredmedia":[{"embeddable":true,"href":"https:\/\/encuentroinformativo.com.mx\/index.php?rest_route=\/wp\/v2\/media\/48785"}],"wp:attachment":[{"href":"https:\/\/encuentroinformativo.com.mx\/index.php?rest_route=%2Fwp%2Fv2%2Fmedia&parent=48784"}],"wp:term":[{"taxonomy":"category","embeddable":true,"href":"https:\/\/encuentroinformativo.com.mx\/index.php?rest_route=%2Fwp%2Fv2%2Fcategories&post=48784"},{"taxonomy":"post_tag","embeddable":true,"href":"https:\/\/encuentroinformativo.com.mx\/index.php?rest_route=%2Fwp%2Fv2%2Ftags&post=48784"}],"curies":[{"name":"wp","href":"https:\/\/api.w.org\/{rel}","templated":true}]}}